{"id":1941,"date":"2023-02-02T00:00:24","date_gmt":"2023-02-01T22:00:24","guid":{"rendered":"https:\/\/www.painotekniikka.com\/taitonews\/?p=1941"},"modified":"2023-02-13T14:59:57","modified_gmt":"2023-02-13T12:59:57","slug":"laajentunut-oppivelvollisuus-lisaa-tasa-arvoa-ja-osaajia","status":"publish","type":"post","link":"https:\/\/www.painotekniikka.com\/taitonews\/lehti2023\/laajentunut-oppivelvollisuus-lisaa-tasa-arvoa-ja-osaajia\/","title":{"rendered":"Laajentunut oppivelvollisuus lis\u00e4\u00e4 tasa-arvoa ja osaajia"},"content":{"rendered":"<p><em>Opetusministeri Li Andersson (vas) pit\u00e4\u00e4 ammatillisia opiskelijoita yhteiskunnallisten ongelmien ratkaisijoina ja huoltovarmuuden takuuhenkil\u00f6in\u00e4.<\/em><br \/>\n<a href=\"https:\/\/www.painotekniikka.com\/taitonews\/wp-content\/uploads\/2023\/01\/Li-sormet-scaled-e1674731750491.jpeg\"><img loading=\"lazy\" decoding=\"async\" class=\"alignleft wp-image-1830\" src=\"https:\/\/www.painotekniikka.com\/taitonews\/wp-content\/uploads\/2023\/01\/Li-sormet-scaled-e1674731750491.jpeg\" alt=\"\" width=\"350\" height=\"429\" srcset=\"https:\/\/www.painotekniikka.com\/taitonews\/wp-content\/uploads\/2023\/01\/Li-sormet-scaled-e1674731750491.jpeg 1708w, https:\/\/www.painotekniikka.com\/taitonews\/wp-content\/uploads\/2023\/01\/Li-sormet-scaled-e1674731750491-245x300.jpeg 245w, https:\/\/www.painotekniikka.com\/taitonews\/wp-content\/uploads\/2023\/01\/Li-sormet-scaled-e1674731750491-836x1024.jpeg 836w, https:\/\/www.painotekniikka.com\/taitonews\/wp-content\/uploads\/2023\/01\/Li-sormet-scaled-e1674731750491-768x941.jpeg 768w, https:\/\/www.painotekniikka.com\/taitonews\/wp-content\/uploads\/2023\/01\/Li-sormet-scaled-e1674731750491-1254x1536.jpeg 1254w, https:\/\/www.painotekniikka.com\/taitonews\/wp-content\/uploads\/2023\/01\/Li-sormet-scaled-e1674731750491-1672x2048.jpeg 1672w\" sizes=\"auto, (max-width: 350px) 100vw, 350px\" \/><\/a><br \/>\nTAITOnewsin ilmestyess\u00e4 kev\u00e4\u00e4n 2023 eduskuntavaalit ovat jo ovella. Viel\u00e4 hetken opetusministerin\u00e4 toimiva Li Andersson katsoo kuluneen hallituskauden kohentaneen koulutuksellista tasa-arvoa ja antaneen nuorille paremmat ev\u00e4\u00e4t opiskeluun taloudellisesta tilanteesta ja yksil\u00f6llisest\u00e4 tuen tarpeesta riippumatta.<\/p>\n<p>&#8211;Ammatillisen koulutuksen rahoitusta on lis\u00e4tty 300 miljoonalla eurolla hallituskauden aikana. Se on osoitus arvostuksesta ja halusta kehitt\u00e4\u00e4 sit\u00e4 tasavertaisena lukiokoulutuksen kanssa. Ty\u00f6t\u00e4 on hyv\u00e4 jatkaa t\u00e4st\u00e4, Andersson asemoi.<\/p>\n<p>Turkulainen ministeri pit\u00e4\u00e4 kautensa merkitt\u00e4vimp\u00e4n\u00e4 uudistuksena oppivelvollisuuden laajentamista kaikkiin alle 18-vuotiaisiin ja toisen asteen opintojen maksuttomuutta. Anderssonin mukaan uudistus on ennen kaikkea parantanut nuorten koulutuksellista tasa-arvoa.<\/p>\n<p>&#8211;Todelliset vaikutukset n\u00e4hd\u00e4\u00e4n pitk\u00e4n ajan kuluessa. Jo nyt voidaan sanoa, ett\u00e4 vaille opiskelupaikkaa j\u00e4\u00e4neiden nuorten m\u00e4\u00e4r\u00e4 on laskenut merkitt\u00e4v\u00e4sti. Ennen uudistusta luku oli vuosittain noin 2000 peruskoulun p\u00e4\u00e4tt\u00e4nytt\u00e4 nuorta, nyt en\u00e4\u00e4 noin 500 nuorta.<\/p>\n<p>Ministerin mukaan nuoret ovat itse kertoneet maksuttomuuden vaikuttaneen opintoihin hakeutumiseen. Lukiolaisbarometrin mukaan maksuttomuus on vaikuttanut erityisesti nuoriin, joilla \u00e4idinkieli on muu kuin suomi, vanhemmat eiv\u00e4t ole korkeakoulutettuja tai perheess\u00e4 on ty\u00f6tt\u00f6myytt\u00e4. Uudistuksen my\u00f6t\u00e4 korjattiin my\u00f6s vaativaa erityist\u00e4 tukea tarvitsevien nuorten ammatillisten koulutuspaikkojen m\u00e4\u00e4r\u00e4\u00e4, kun yhteys koulupudokkuuteen tuli n\u00e4kyv\u00e4ksi.<\/p>\n<p>&#8211;Uudistuksen tulokset ovat olleet toivottuja; l\u00e4hes kaikki nuoret ovat koulutuksen piiriss\u00e4 ja jokaisella on mahdollisuus valita ilman huolta opintojen kustannuksista, Andersson kuvaa.<\/p>\n<h4>JATKUVUUTTA SATSAUKSIIN<\/h4>\n<p>Andersson n\u00e4kee, ett\u00e4 satsaukset ammatilliseen koulutukseen ovat t\u00e4rkeit\u00e4 my\u00f6s jatkossa. Ammatillisen koulutuksen rahoituksen uudistaminen kaatui viime hetkell\u00e4 hallituksen erimielisyyksiin.<\/p>\n<p>&#8211;Puhutaanpa mist\u00e4 tahansa yhteiskunnallisesta ongelmasta tai huoltovarmuuteen liittyv\u00e4st\u00e4 seikasta, on ammatillisella koulutuksella ratkaisijan rooli. Vihre\u00e4 siirtym\u00e4, ik\u00e4\u00e4ntyneiden hoiva, ICT-osaaminen ja maatalous tarvitsevat osaajia. On t\u00e4rke\u00e4\u00e4 turvata resurssit sek\u00e4 nuorten ett\u00e4 aikuisten osaajien kouluttamiseen ja osaajapulan torjumiseen.<\/p>\n<p>Andersson pit\u00e4\u00e4 rahoituksen vahvistamista t\u00e4rke\u00e4n\u00e4 my\u00f6s ammatillisen koulutuksen imagolle. Ministeri t\u00f6rm\u00e4\u00e4 kent\u00e4ll\u00e4 edelleen asenteisiin, jossa nuoret kokevat kuilun lukion ja ammatillisen koulutuksen arvostuksen v\u00e4lill\u00e4.<\/p>\n<p>&#8211;Nuorten n\u00e4k\u00f6kulmasta on todella t\u00e4rke\u00e4\u00e4, ett\u00e4 ammatillista koulutusta kehitet\u00e4\u00e4n tasavertaisena ja laadukkaana koulutusv\u00e4yl\u00e4n\u00e4 jatko-opintoihin. On my\u00f6s viestitt\u00e4v\u00e4, mit\u00e4 ammatillinen koulutus t\u00e4n\u00e4 p\u00e4iv\u00e4n\u00e4 on ja huolehtia, ett\u00e4 nuoret saavat tarkan kuvan mahdollisuuksista.<\/p>\n<h4>OPISKELIJAT KYSYV\u00c4T<\/h4>\n<p><strong>Mihin ajanjaksoon liittyv\u00e4t parhaat koulumuistosi?<\/strong><\/p>\n<p>Sanoisin ett\u00e4 yl\u00e4asteeseen, vaikka se olikin ristiriitaista aikaa. Itsell\u00e4nikin oli siihen el\u00e4m\u00e4nvaiheeseen liittyvi\u00e4 angsteja, mutta muistan yhteiselon kaveriporukassa olleen todella tiivist\u00e4 ja sosiaalista. Yl\u00e4koulun j\u00e4lkeen hajaannuttiin, sill\u00e4 monet tyt\u00f6ist\u00e4 meniv\u00e4t lukioon ja pojat amikseen, ja se muutti kaveriporukan yhteist\u00e4 olemista.<\/p>\n<p><strong>Jos nyt saisit valita, niin amis vai lukio?<\/strong><\/p>\n<p>Valitsisin varmaan edelleenkin lukion, sill\u00e4 olen aina ollut kielin\u00f6rtti. Opiskelin paljon vieraita kieli\u00e4 kuten ven\u00e4j\u00e4\u00e4 ja ranskaa englannin ja suomen kielen lis\u00e4ksi. Jos nyt valitsisin uudelleen, niin keskittyisin varmaan viel\u00e4kin enemm\u00e4n kieliopintoihin.<\/p>\n<p><strong>Mik\u00e4 on mieleenpainuvin koulumuistosi?<\/strong><\/p>\n<p>Erityisesti erilaiset projektit ovat j\u00e4\u00e4neet mieleen. Kasi- tai ysiluokalla meill\u00e4 ei ollut TET-jaksoja, vaan suunnittelimme luokan kanssa teatteriesityksen johon teimme puvut, kulissit ja n\u00e4yttelimme itse. Se oli iso ja mieleenpainuva projekti.<\/p>\n<p><strong>Mit\u00e4 sanoisit 17-vuotiaalle itsellesi?<\/strong><\/p>\n<p>Samaa mit\u00e4 sanon kaikille 17-vuotiaille: \u00e4l\u00e4 stressaa. Mik\u00e4\u00e4n valinta, jonka tekee nuorena varsinkin koulutuksen suhteen ei ole lopullinen, ja aina on mahdollista valita uudestaan. On fiksuinta keskitty\u00e4 sen hetkisiin asioihin kuten kavereihin, opiskeluun ja omiin kiinnostuksen kohteisiin.<\/p>\n<p><em>TEKSTI Lilli Jokela-Vaheristo, Renina Ronkainen, Lassi Turunen<\/em><\/p>\n<p><em>KUVAT Miika Niskanen, Niko Virolainen<\/em><\/p>\n","protected":false},"excerpt":{"rendered":"<p>Opetusministeri Li Andersson (vas) pit\u00e4\u00e4 ammatillisia opiskelijoita yhteiskunnallisten ongelmien ratkaisijoina ja huoltovarmuuden takuuhenkil\u00f6in\u00e4. TAITOnewsin ilmestyess\u00e4 kev\u00e4\u00e4n 2023 eduskuntavaalit ovat jo ovella. Viel\u00e4 hetken opetusministerin\u00e4 toimiva Li Andersson katsoo kuluneen hallituskauden kohentaneen koulutuksellista tasa-arvoa ja antaneen nuorille paremmat ev\u00e4\u00e4t opiskeluun taloudellisesta tilanteesta ja yksil\u00f6llisest\u00e4 tuen tarpeesta riippumatta. &#8211;Ammatillisen koulutuksen rahoitusta on lis\u00e4tty 300 miljoonalla eurolla hallituskauden [&hellip;]<\/p>\n","protected":false},"author":7,"featured_media":1829,"comment_status":"open","ping_status":"open","sticky":false,"template":"","format":"standard","meta":{"_monsterinsights_skip_tracking":false,"_monsterinsights_sitenote_active":false,"_monsterinsights_sitenote_note":"","_monsterinsights_sitenote_category":0,"footnotes":""},"categories":[30,73],"tags":[192,150,138,193],"class_list":["post-1941","post","type-post","status-publish","format-standard","has-post-thumbnail","hentry","category-lehti2023","category-tuki-ja-ohjaus","tag-ammattikoulutus","tag-opiskelu","tag-oppivelvollisuus","tag-toinen-aste"],"yoast_head":"<!-- This site is optimized with the Yoast SEO plugin v27.5 - https:\/\/yoast.com\/product\/yoast-seo-wordpress\/ -->\n<title>Laajentunut oppivelvollisuus lis\u00e4\u00e4 tasa-arvoa ja osaajia - TAITONEWS<\/title>\n<meta name=\"description\" content=\"Opetusministeri Li Andersson (vas) pit\u00e4\u00e4 ammatillisia opiskelijoita yhteiskunnallisten ongelmien ratkaisijoina ja huoltovarmuuden takuuhenkil\u00f6in\u00e4.\" \/>\n<meta name=\"robots\" content=\"index, follow, max-snippet:-1, max-image-preview:large, max-video-preview:-1\" \/>\n<link rel=\"canonical\" href=\"https:\/\/www.painotekniikka.com\/taitonews\/lehti2023\/laajentunut-oppivelvollisuus-lisaa-tasa-arvoa-ja-osaajia\/\" \/>\n<meta property=\"og:locale\" content=\"fi_FI\" \/>\n<meta property=\"og:type\" content=\"article\" \/>\n<meta property=\"og:title\" content=\"Laajentunut oppivelvollisuus lis\u00e4\u00e4 tasa-arvoa ja osaajia - TAITONEWS\" \/>\n<meta property=\"og:description\" content=\"Opetusministeri Li Andersson (vas) pit\u00e4\u00e4 ammatillisia opiskelijoita yhteiskunnallisten ongelmien ratkaisijoina ja huoltovarmuuden takuuhenkil\u00f6in\u00e4.\" \/>\n<meta property=\"og:url\" content=\"https:\/\/www.painotekniikka.com\/taitonews\/lehti2023\/laajentunut-oppivelvollisuus-lisaa-tasa-arvoa-ja-osaajia\/\" \/>\n<meta property=\"og:site_name\" content=\"TAITONEWS\" \/>\n<meta property=\"article:published_time\" content=\"2023-02-01T22:00:24+00:00\" \/>\n<meta property=\"article:modified_time\" content=\"2023-02-13T12:59:57+00:00\" \/>\n<meta property=\"og:image\" content=\"https:\/\/www.painotekniikka.com\/taitonews\/wp-content\/uploads\/2023\/01\/Li-Anderson-scaled-e1674731919687.jpeg\" \/>\n\t<meta property=\"og:image:width\" content=\"1708\" \/>\n\t<meta property=\"og:image:height\" content=\"2169\" \/>\n\t<meta property=\"og:image:type\" content=\"image\/jpeg\" \/>\n<meta name=\"author\" content=\"admin8\" \/>\n<meta name=\"twitter:card\" content=\"summary_large_image\" \/>\n<meta name=\"twitter:label1\" content=\"Kirjoittanut\" \/>\n\t<meta name=\"twitter:data1\" content=\"admin8\" \/>\n\t<meta name=\"twitter:label2\" content=\"Arvioitu lukuaika\" \/>\n\t<meta name=\"twitter:data2\" content=\"4 minuuttia\" \/>\n<script type=\"application\/ld+json\" class=\"yoast-schema-graph\">{\"@context\":\"https:\\\/\\\/schema.org\",\"@graph\":[{\"@type\":\"Article\",\"@id\":\"https:\\\/\\\/www.painotekniikka.com\\\/taitonews\\\/lehti2023\\\/laajentunut-oppivelvollisuus-lisaa-tasa-arvoa-ja-osaajia\\\/#article\",\"isPartOf\":{\"@id\":\"https:\\\/\\\/www.painotekniikka.com\\\/taitonews\\\/lehti2023\\\/laajentunut-oppivelvollisuus-lisaa-tasa-arvoa-ja-osaajia\\\/\"},\"author\":{\"name\":\"admin8\",\"@id\":\"https:\\\/\\\/www.painotekniikka.com\\\/taitonews\\\/#\\\/schema\\\/person\\\/707b19593c42aecacd562d45225dfb2e\"},\"headline\":\"Laajentunut oppivelvollisuus lis\u00e4\u00e4 tasa-arvoa ja osaajia\",\"datePublished\":\"2023-02-01T22:00:24+00:00\",\"dateModified\":\"2023-02-13T12:59:57+00:00\",\"mainEntityOfPage\":{\"@id\":\"https:\\\/\\\/www.painotekniikka.com\\\/taitonews\\\/lehti2023\\\/laajentunut-oppivelvollisuus-lisaa-tasa-arvoa-ja-osaajia\\\/\"},\"wordCount\":561,\"commentCount\":0,\"image\":{\"@id\":\"https:\\\/\\\/www.painotekniikka.com\\\/taitonews\\\/lehti2023\\\/laajentunut-oppivelvollisuus-lisaa-tasa-arvoa-ja-osaajia\\\/#primaryimage\"},\"thumbnailUrl\":\"https:\\\/\\\/www.painotekniikka.com\\\/taitonews\\\/wp-content\\\/uploads\\\/2023\\\/01\\\/Li-Anderson-scaled-e1674731919687.jpeg\",\"keywords\":[\"ammattikoulutus\",\"opiskelu\",\"oppivelvollisuus\",\"toinen aste\"],\"articleSection\":[\"Lehti2023\",\"Tuki ja ohjaus\"],\"inLanguage\":\"fi\",\"potentialAction\":[{\"@type\":\"CommentAction\",\"name\":\"Comment\",\"target\":[\"https:\\\/\\\/www.painotekniikka.com\\\/taitonews\\\/lehti2023\\\/laajentunut-oppivelvollisuus-lisaa-tasa-arvoa-ja-osaajia\\\/#respond\"]}]},{\"@type\":\"WebPage\",\"@id\":\"https:\\\/\\\/www.painotekniikka.com\\\/taitonews\\\/lehti2023\\\/laajentunut-oppivelvollisuus-lisaa-tasa-arvoa-ja-osaajia\\\/\",\"url\":\"https:\\\/\\\/www.painotekniikka.com\\\/taitonews\\\/lehti2023\\\/laajentunut-oppivelvollisuus-lisaa-tasa-arvoa-ja-osaajia\\\/\",\"name\":\"Laajentunut oppivelvollisuus lis\u00e4\u00e4 tasa-arvoa ja osaajia - TAITONEWS\",\"isPartOf\":{\"@id\":\"https:\\\/\\\/www.painotekniikka.com\\\/taitonews\\\/#website\"},\"primaryImageOfPage\":{\"@id\":\"https:\\\/\\\/www.painotekniikka.com\\\/taitonews\\\/lehti2023\\\/laajentunut-oppivelvollisuus-lisaa-tasa-arvoa-ja-osaajia\\\/#primaryimage\"},\"image\":{\"@id\":\"https:\\\/\\\/www.painotekniikka.com\\\/taitonews\\\/lehti2023\\\/laajentunut-oppivelvollisuus-lisaa-tasa-arvoa-ja-osaajia\\\/#primaryimage\"},\"thumbnailUrl\":\"https:\\\/\\\/www.painotekniikka.com\\\/taitonews\\\/wp-content\\\/uploads\\\/2023\\\/01\\\/Li-Anderson-scaled-e1674731919687.jpeg\",\"datePublished\":\"2023-02-01T22:00:24+00:00\",\"dateModified\":\"2023-02-13T12:59:57+00:00\",\"author\":{\"@id\":\"https:\\\/\\\/www.painotekniikka.com\\\/taitonews\\\/#\\\/schema\\\/person\\\/707b19593c42aecacd562d45225dfb2e\"},\"description\":\"Opetusministeri Li Andersson (vas) pit\u00e4\u00e4 ammatillisia opiskelijoita yhteiskunnallisten ongelmien ratkaisijoina ja huoltovarmuuden takuuhenkil\u00f6in\u00e4.\",\"breadcrumb\":{\"@id\":\"https:\\\/\\\/www.painotekniikka.com\\\/taitonews\\\/lehti2023\\\/laajentunut-oppivelvollisuus-lisaa-tasa-arvoa-ja-osaajia\\\/#breadcrumb\"},\"inLanguage\":\"fi\",\"potentialAction\":[{\"@type\":\"ReadAction\",\"target\":[\"https:\\\/\\\/www.painotekniikka.com\\\/taitonews\\\/lehti2023\\\/laajentunut-oppivelvollisuus-lisaa-tasa-arvoa-ja-osaajia\\\/\"]}]},{\"@type\":\"ImageObject\",\"inLanguage\":\"fi\",\"@id\":\"https:\\\/\\\/www.painotekniikka.com\\\/taitonews\\\/lehti2023\\\/laajentunut-oppivelvollisuus-lisaa-tasa-arvoa-ja-osaajia\\\/#primaryimage\",\"url\":\"https:\\\/\\\/www.painotekniikka.com\\\/taitonews\\\/wp-content\\\/uploads\\\/2023\\\/01\\\/Li-Anderson-scaled-e1674731919687.jpeg\",\"contentUrl\":\"https:\\\/\\\/www.painotekniikka.com\\\/taitonews\\\/wp-content\\\/uploads\\\/2023\\\/01\\\/Li-Anderson-scaled-e1674731919687.jpeg\",\"width\":1708,\"height\":2169},{\"@type\":\"BreadcrumbList\",\"@id\":\"https:\\\/\\\/www.painotekniikka.com\\\/taitonews\\\/lehti2023\\\/laajentunut-oppivelvollisuus-lisaa-tasa-arvoa-ja-osaajia\\\/#breadcrumb\",\"itemListElement\":[{\"@type\":\"ListItem\",\"position\":1,\"name\":\"Etusivu\",\"item\":\"https:\\\/\\\/www.painotekniikka.com\\\/taitonews\\\/\"},{\"@type\":\"ListItem\",\"position\":2,\"name\":\"Laajentunut oppivelvollisuus lis\u00e4\u00e4 tasa-arvoa ja osaajia\"}]},{\"@type\":\"WebSite\",\"@id\":\"https:\\\/\\\/www.painotekniikka.com\\\/taitonews\\\/#website\",\"url\":\"https:\\\/\\\/www.painotekniikka.com\\\/taitonews\\\/\",\"name\":\"TAITONEWS\",\"description\":\"Ammatillisen koulutuksen arkea TAIn koulutaloissa ja yhteisyrityksiss&auml;.\",\"potentialAction\":[{\"@type\":\"SearchAction\",\"target\":{\"@type\":\"EntryPoint\",\"urlTemplate\":\"https:\\\/\\\/www.painotekniikka.com\\\/taitonews\\\/?s={search_term_string}\"},\"query-input\":{\"@type\":\"PropertyValueSpecification\",\"valueRequired\":true,\"valueName\":\"search_term_string\"}}],\"inLanguage\":\"fi\"},{\"@type\":\"Person\",\"@id\":\"https:\\\/\\\/www.painotekniikka.com\\\/taitonews\\\/#\\\/schema\\\/person\\\/707b19593c42aecacd562d45225dfb2e\",\"name\":\"admin8\",\"image\":{\"@type\":\"ImageObject\",\"inLanguage\":\"fi\",\"@id\":\"https:\\\/\\\/secure.gravatar.com\\\/avatar\\\/0894aff8a9b587a45b0190220abb9db590a28b5d319a5f3f7773a449e540355b?s=96&d=mm&r=g\",\"url\":\"https:\\\/\\\/secure.gravatar.com\\\/avatar\\\/0894aff8a9b587a45b0190220abb9db590a28b5d319a5f3f7773a449e540355b?s=96&d=mm&r=g\",\"contentUrl\":\"https:\\\/\\\/secure.gravatar.com\\\/avatar\\\/0894aff8a9b587a45b0190220abb9db590a28b5d319a5f3f7773a449e540355b?s=96&d=mm&r=g\",\"caption\":\"admin8\"},\"url\":\"https:\\\/\\\/www.painotekniikka.com\\\/taitonews\\\/author\\\/admin8\\\/\"}]}<\/script>\n<!-- \/ Yoast SEO plugin. -->","yoast_head_json":{"title":"Laajentunut oppivelvollisuus lis\u00e4\u00e4 tasa-arvoa ja osaajia - TAITONEWS","description":"Opetusministeri Li Andersson (vas) pit\u00e4\u00e4 ammatillisia opiskelijoita yhteiskunnallisten ongelmien ratkaisijoina ja huoltovarmuuden takuuhenkil\u00f6in\u00e4.","robots":{"index":"index","follow":"follow","max-snippet":"max-snippet:-1","max-image-preview":"max-image-preview:large","max-video-preview":"max-video-preview:-1"},"canonical":"https:\/\/www.painotekniikka.com\/taitonews\/lehti2023\/laajentunut-oppivelvollisuus-lisaa-tasa-arvoa-ja-osaajia\/","og_locale":"fi_FI","og_type":"article","og_title":"Laajentunut oppivelvollisuus lis\u00e4\u00e4 tasa-arvoa ja osaajia - TAITONEWS","og_description":"Opetusministeri Li Andersson (vas) pit\u00e4\u00e4 ammatillisia opiskelijoita yhteiskunnallisten ongelmien ratkaisijoina ja huoltovarmuuden takuuhenkil\u00f6in\u00e4.","og_url":"https:\/\/www.painotekniikka.com\/taitonews\/lehti2023\/laajentunut-oppivelvollisuus-lisaa-tasa-arvoa-ja-osaajia\/","og_site_name":"TAITONEWS","article_published_time":"2023-02-01T22:00:24+00:00","article_modified_time":"2023-02-13T12:59:57+00:00","og_image":[{"width":1708,"height":2169,"url":"https:\/\/www.painotekniikka.com\/taitonews\/wp-content\/uploads\/2023\/01\/Li-Anderson-scaled-e1674731919687.jpeg","type":"image\/jpeg"}],"author":"admin8","twitter_card":"summary_large_image","twitter_misc":{"Kirjoittanut":"admin8","Arvioitu lukuaika":"4 minuuttia"},"schema":{"@context":"https:\/\/schema.org","@graph":[{"@type":"Article","@id":"https:\/\/www.painotekniikka.com\/taitonews\/lehti2023\/laajentunut-oppivelvollisuus-lisaa-tasa-arvoa-ja-osaajia\/#article","isPartOf":{"@id":"https:\/\/www.painotekniikka.com\/taitonews\/lehti2023\/laajentunut-oppivelvollisuus-lisaa-tasa-arvoa-ja-osaajia\/"},"author":{"name":"admin8","@id":"https:\/\/www.painotekniikka.com\/taitonews\/#\/schema\/person\/707b19593c42aecacd562d45225dfb2e"},"headline":"Laajentunut oppivelvollisuus lis\u00e4\u00e4 tasa-arvoa ja osaajia","datePublished":"2023-02-01T22:00:24+00:00","dateModified":"2023-02-13T12:59:57+00:00","mainEntityOfPage":{"@id":"https:\/\/www.painotekniikka.com\/taitonews\/lehti2023\/laajentunut-oppivelvollisuus-lisaa-tasa-arvoa-ja-osaajia\/"},"wordCount":561,"commentCount":0,"image":{"@id":"https:\/\/www.painotekniikka.com\/taitonews\/lehti2023\/laajentunut-oppivelvollisuus-lisaa-tasa-arvoa-ja-osaajia\/#primaryimage"},"thumbnailUrl":"https:\/\/www.painotekniikka.com\/taitonews\/wp-content\/uploads\/2023\/01\/Li-Anderson-scaled-e1674731919687.jpeg","keywords":["ammattikoulutus","opiskelu","oppivelvollisuus","toinen aste"],"articleSection":["Lehti2023","Tuki ja ohjaus"],"inLanguage":"fi","potentialAction":[{"@type":"CommentAction","name":"Comment","target":["https:\/\/www.painotekniikka.com\/taitonews\/lehti2023\/laajentunut-oppivelvollisuus-lisaa-tasa-arvoa-ja-osaajia\/#respond"]}]},{"@type":"WebPage","@id":"https:\/\/www.painotekniikka.com\/taitonews\/lehti2023\/laajentunut-oppivelvollisuus-lisaa-tasa-arvoa-ja-osaajia\/","url":"https:\/\/www.painotekniikka.com\/taitonews\/lehti2023\/laajentunut-oppivelvollisuus-lisaa-tasa-arvoa-ja-osaajia\/","name":"Laajentunut oppivelvollisuus lis\u00e4\u00e4 tasa-arvoa ja osaajia - TAITONEWS","isPartOf":{"@id":"https:\/\/www.painotekniikka.com\/taitonews\/#website"},"primaryImageOfPage":{"@id":"https:\/\/www.painotekniikka.com\/taitonews\/lehti2023\/laajentunut-oppivelvollisuus-lisaa-tasa-arvoa-ja-osaajia\/#primaryimage"},"image":{"@id":"https:\/\/www.painotekniikka.com\/taitonews\/lehti2023\/laajentunut-oppivelvollisuus-lisaa-tasa-arvoa-ja-osaajia\/#primaryimage"},"thumbnailUrl":"https:\/\/www.painotekniikka.com\/taitonews\/wp-content\/uploads\/2023\/01\/Li-Anderson-scaled-e1674731919687.jpeg","datePublished":"2023-02-01T22:00:24+00:00","dateModified":"2023-02-13T12:59:57+00:00","author":{"@id":"https:\/\/www.painotekniikka.com\/taitonews\/#\/schema\/person\/707b19593c42aecacd562d45225dfb2e"},"description":"Opetusministeri Li Andersson (vas) pit\u00e4\u00e4 ammatillisia opiskelijoita yhteiskunnallisten ongelmien ratkaisijoina ja huoltovarmuuden takuuhenkil\u00f6in\u00e4.","breadcrumb":{"@id":"https:\/\/www.painotekniikka.com\/taitonews\/lehti2023\/laajentunut-oppivelvollisuus-lisaa-tasa-arvoa-ja-osaajia\/#breadcrumb"},"inLanguage":"fi","potentialAction":[{"@type":"ReadAction","target":["https:\/\/www.painotekniikka.com\/taitonews\/lehti2023\/laajentunut-oppivelvollisuus-lisaa-tasa-arvoa-ja-osaajia\/"]}]},{"@type":"ImageObject","inLanguage":"fi","@id":"https:\/\/www.painotekniikka.com\/taitonews\/lehti2023\/laajentunut-oppivelvollisuus-lisaa-tasa-arvoa-ja-osaajia\/#primaryimage","url":"https:\/\/www.painotekniikka.com\/taitonews\/wp-content\/uploads\/2023\/01\/Li-Anderson-scaled-e1674731919687.jpeg","contentUrl":"https:\/\/www.painotekniikka.com\/taitonews\/wp-content\/uploads\/2023\/01\/Li-Anderson-scaled-e1674731919687.jpeg","width":1708,"height":2169},{"@type":"BreadcrumbList","@id":"https:\/\/www.painotekniikka.com\/taitonews\/lehti2023\/laajentunut-oppivelvollisuus-lisaa-tasa-arvoa-ja-osaajia\/#breadcrumb","itemListElement":[{"@type":"ListItem","position":1,"name":"Etusivu","item":"https:\/\/www.painotekniikka.com\/taitonews\/"},{"@type":"ListItem","position":2,"name":"Laajentunut oppivelvollisuus lis\u00e4\u00e4 tasa-arvoa ja osaajia"}]},{"@type":"WebSite","@id":"https:\/\/www.painotekniikka.com\/taitonews\/#website","url":"https:\/\/www.painotekniikka.com\/taitonews\/","name":"TAITONEWS","description":"Ammatillisen koulutuksen arkea TAIn koulutaloissa ja yhteisyrityksiss&auml;.","potentialAction":[{"@type":"SearchAction","target":{"@type":"EntryPoint","urlTemplate":"https:\/\/www.painotekniikka.com\/taitonews\/?s={search_term_string}"},"query-input":{"@type":"PropertyValueSpecification","valueRequired":true,"valueName":"search_term_string"}}],"inLanguage":"fi"},{"@type":"Person","@id":"https:\/\/www.painotekniikka.com\/taitonews\/#\/schema\/person\/707b19593c42aecacd562d45225dfb2e","name":"admin8","image":{"@type":"ImageObject","inLanguage":"fi","@id":"https:\/\/secure.gravatar.com\/avatar\/0894aff8a9b587a45b0190220abb9db590a28b5d319a5f3f7773a449e540355b?s=96&d=mm&r=g","url":"https:\/\/secure.gravatar.com\/avatar\/0894aff8a9b587a45b0190220abb9db590a28b5d319a5f3f7773a449e540355b?s=96&d=mm&r=g","contentUrl":"https:\/\/secure.gravatar.com\/avatar\/0894aff8a9b587a45b0190220abb9db590a28b5d319a5f3f7773a449e540355b?s=96&d=mm&r=g","caption":"admin8"},"url":"https:\/\/www.painotekniikka.com\/taitonews\/author\/admin8\/"}]}},"_links":{"self":[{"href":"https:\/\/www.painotekniikka.com\/taitonews\/wp-json\/wp\/v2\/posts\/1941","targetHints":{"allow":["GET"]}}],"collection":[{"href":"https:\/\/www.painotekniikka.com\/taitonews\/wp-json\/wp\/v2\/posts"}],"about":[{"href":"https:\/\/www.painotekniikka.com\/taitonews\/wp-json\/wp\/v2\/types\/post"}],"author":[{"embeddable":true,"href":"https:\/\/www.painotekniikka.com\/taitonews\/wp-json\/wp\/v2\/users\/7"}],"replies":[{"embeddable":true,"href":"https:\/\/www.painotekniikka.com\/taitonews\/wp-json\/wp\/v2\/comments?post=1941"}],"version-history":[{"count":7,"href":"https:\/\/www.painotekniikka.com\/taitonews\/wp-json\/wp\/v2\/posts\/1941\/revisions"}],"predecessor-version":[{"id":2152,"href":"https:\/\/www.painotekniikka.com\/taitonews\/wp-json\/wp\/v2\/posts\/1941\/revisions\/2152"}],"wp:featuredmedia":[{"embeddable":true,"href":"https:\/\/www.painotekniikka.com\/taitonews\/wp-json\/wp\/v2\/media\/1829"}],"wp:attachment":[{"href":"https:\/\/www.painotekniikka.com\/taitonews\/wp-json\/wp\/v2\/media?parent=1941"}],"wp:term":[{"taxonomy":"category","embeddable":true,"href":"https:\/\/www.painotekniikka.com\/taitonews\/wp-json\/wp\/v2\/categories?post=1941"},{"taxonomy":"post_tag","embeddable":true,"href":"https:\/\/www.painotekniikka.com\/taitonews\/wp-json\/wp\/v2\/tags?post=1941"}],"curies":[{"name":"wp","href":"https:\/\/api.w.org\/{rel}","templated":true}]}}