{"id":1911,"date":"2023-02-02T00:01:37","date_gmt":"2023-02-01T22:01:37","guid":{"rendered":"https:\/\/www.painotekniikka.com\/taitonews\/?p=1911"},"modified":"2023-02-09T15:42:30","modified_gmt":"2023-02-09T13:42:30","slug":"tuleva-taito-kampus-sykkii-elamaa","status":"publish","type":"post","link":"https:\/\/www.painotekniikka.com\/taitonews\/lehti2023\/tuleva-taito-kampus-sykkii-elamaa\/","title":{"rendered":"Tuleva Taito-kampus sykkii el\u00e4m\u00e4\u00e4"},"content":{"rendered":"<figure id=\"attachment_1867\" aria-describedby=\"caption-attachment-1867\" style=\"width: 350px\" class=\"wp-caption alignright\"><a href=\"https:\/\/www.painotekniikka.com\/taitonews\/wp-content\/uploads\/2023\/01\/kuva-1-ilmakuva-lannesta-scaled.jpg\"><img loading=\"lazy\" decoding=\"async\" class=\"wp-image-1867\" src=\"https:\/\/www.painotekniikka.com\/taitonews\/wp-content\/uploads\/2023\/01\/kuva-1-ilmakuva-lannesta-scaled.jpg\" alt=\"\" width=\"350\" height=\"248\" srcset=\"https:\/\/www.painotekniikka.com\/taitonews\/wp-content\/uploads\/2023\/01\/kuva-1-ilmakuva-lannesta-scaled.jpg 2560w, https:\/\/www.painotekniikka.com\/taitonews\/wp-content\/uploads\/2023\/01\/kuva-1-ilmakuva-lannesta-300x212.jpg 300w, https:\/\/www.painotekniikka.com\/taitonews\/wp-content\/uploads\/2023\/01\/kuva-1-ilmakuva-lannesta-1024x724.jpg 1024w, https:\/\/www.painotekniikka.com\/taitonews\/wp-content\/uploads\/2023\/01\/kuva-1-ilmakuva-lannesta-768x543.jpg 768w, https:\/\/www.painotekniikka.com\/taitonews\/wp-content\/uploads\/2023\/01\/kuva-1-ilmakuva-lannesta-1536x1086.jpg 1536w, https:\/\/www.painotekniikka.com\/taitonews\/wp-content\/uploads\/2023\/01\/kuva-1-ilmakuva-lannesta-2048x1449.jpg 2048w\" sizes=\"auto, (max-width: 350px) 100vw, 350px\" \/><\/a><figcaption id=\"caption-attachment-1867\" class=\"wp-caption-text\">Kupittaan k\u00e4rki -j\u00e4ttihankkeessa Kupittaa ja It\u00e4harju yhdistet\u00e4\u00e4n radan ylitt\u00e4v\u00e4ll\u00e4 rakenteella. Sen yhteyteen rakennetaan toimistoja, liiketiloja, suuri parkkitalo, asuntoja ja ammatillisen koulutuksen palvelualojen Taito-kampus. Joulukuussa 2022 Turun kaupunginhallitus vahvisti toteutettavaksi Ter\u00e4vin k\u00e4rki -yhteisty\u00f6ryhm\u00e4n kilpailuehdotuksen.<\/figcaption><\/figure>\n<p><em>TAIn palvelualojen yhteinen oppimisymp\u00e4rist\u00f6 Taito-kampus nousee tulevaisuudessa Turun Tiedepuiston<\/em><br \/>\n<em>alueelle Kupittaalle. Suunnitteluvaiheessa oleva kampus takaa nykyaikaisemman opetusteknologian ja<\/em><br \/>\n<em>tarkoituksenmukaisemmat tilat.<\/em><\/p>\n<p>Kupittaan Tiedepuiston alueelle rakennettava Taito-kampus on TAIn palvelualojen yhteinen oppimisymp\u00e4rist\u00f6, jossa eri koulutusyksik\u00f6iden tarpeet kohtaavat. Taito-kampuksesta on tulossa ty\u00f6el\u00e4m\u00e4- ja asiakasl\u00e4ht\u00f6inen ymp\u00e4rist\u00f6, johon on suunnitteilla runsaasti erityyppisi\u00e4 palveluita.<\/p>\n<p>\u2013 N\u00e4en Taito-kampuksen my\u00f6s er\u00e4\u00e4nlaisena Tiedepuiston alueen keskuksena, joka kokoaa kaupunginosan ihmisi\u00e4 eri toimintoihin kampukselle. K\u00e4ytt\u00e4v\u00e4t he sitten meid\u00e4n palveluitamme tai hy\u00f6dynt\u00e4v\u00e4t tilojamme omiin tarkoituksiinsa, visioi ammatillisen koulutuksen palvelualuejohtaja Hannu Immonen.<\/p>\n<p>Suunnittelun l\u00e4ht\u00f6kohtana on aina avoinna oleva kampus, joka sykkii el\u00e4m\u00e4\u00e4 my\u00f6s toimistoajan ulkopuolella.<\/p>\n<p>\u2013 Haluamme sinne erilaisia yrityskumppaneita. Toivomme, ett\u00e4 he palvelutoiminnoissaan hy\u00f6dynt\u00e4v\u00e4t oppimisymp\u00e4rist\u00f6j\u00e4mme ja tarjoavat opiskelijoillemme mahdollisuuksia harjoitella yritysten tiloissa, Immonen kaavailee.<\/p>\n<h4>Synergia lis\u00e4\u00e4ntyy<\/h4>\n<p>Korkeakoulut ja etenkin ammattikorkeakoulu voivat hy\u00f6dynt\u00e4\u00e4 Taito-kampuksen oppimisymp\u00e4rist\u00f6j\u00e4. My\u00f6s p\u00e4invastoin: korkeakoulujen l\u00e4heisyyteen nousevana kampus tarjoaa ammatilliselle koulutukselle mahdollisuuden hy\u00f6dynt\u00e4\u00e4 korkeakoulujen tiloja ja oppimisymp\u00e4rist\u00f6j\u00e4. Immonen tarjoaa esimerkin:<\/p>\n<p>\u2013 Sosiaali- ja terveysalalla on hyvinkin korkeaa teknologiaa Medisiina D -monik\u00e4ytt\u00e4j\u00e4rakennuksessa. Samoissa simulaatioymp\u00e4rist\u00f6iss\u00e4 harjoittelevat tulevat l\u00e4\u00e4k\u00e4rit, ammattikorkeakoulun sairaanhoitajaopiskelijat ja tulevaisuudessa my\u00f6s meid\u00e4n l\u00e4hi- ja ensihoitajaopiskelijamme. Siell\u00e4 on t\u00e4ydellisesti varustettuja leikkaussaleja, joissa voidaan simuloida eri toimintoja ja h\u00e4t\u00e4p\u00e4ivystyksi\u00e4. Niihin ensihoidon opiskelijamme pystyv\u00e4t omalta osaltaan osallistumaan.<\/p>\n<h4>Jatko-opintov\u00e4yl\u00e4t sujuvammiksi<\/h4>\n<p>Immonen muistuttaa, ett\u00e4 ammatillisen koulutuksen p\u00e4\u00e4fokus on osaajien kouluttamisessa ty\u00f6el\u00e4m\u00e4\u00e4n. Vasta seuraava askel on tarjota jatko-opintov\u00e4yli\u00e4 korkeakouluihin, ensi sijassa ammattikorkeakouluun. T\u00e4t\u00e4kin uuden Taito-kampuksen on tarkoitus edist\u00e4\u00e4.<\/p>\n<p>Ajatuksena on vied\u00e4 koko kaksoistutkintokoulutus uuteen kampukseen. TAIn kaikissa tutkinnoissa on mahdollisuus opiskella rinnalla my\u00f6s ylioppilastutkinto. Korkeakoulukeskittym\u00e4n alueelle on tarkoitus vied\u00e4 my\u00f6s tekniikan alojen kaksoistutkintokoulutus, sill\u00e4 n\u00e4iden alojen kaksoistutkinto-opiskelijat p\u00e4\u00e4s\u00e4\u00e4nt\u00f6isesti t\u00e4ht\u00e4\u00e4v\u00e4t korkeakouluopintoihin.<\/p>\n<p>\u2013 He aistivat jo lukioainep\u00e4iviss\u00e4 alueen ymp\u00e4rist\u00f6\u00e4, ja mahdollisesti osa tunneistakin pidet\u00e4\u00e4n viereisiss\u00e4 korkeakoulun tiloissa. Siin\u00e4 haetaan tietysti my\u00f6s tehokkuutta. Se, ett\u00e4 kaikki keskitet\u00e4\u00e4n t\u00e4ll\u00e4 tavalla, on varmastikin poikkeuksellista Suomessa, sanoo Immonen.<\/p>\n<figure id=\"attachment_1857\" aria-describedby=\"caption-attachment-1857\" style=\"width: 2560px\" class=\"wp-caption aligncenter\"><img loading=\"lazy\" decoding=\"async\" class=\"wp-image-1857 size-full\" src=\"https:\/\/www.painotekniikka.com\/taitonews\/wp-content\/uploads\/2023\/01\/hannu_Taitocamp-scaled.jpg\" alt=\"\" width=\"2560\" height=\"1707\" srcset=\"https:\/\/www.painotekniikka.com\/taitonews\/wp-content\/uploads\/2023\/01\/hannu_Taitocamp-scaled.jpg 2560w, https:\/\/www.painotekniikka.com\/taitonews\/wp-content\/uploads\/2023\/01\/hannu_Taitocamp-300x200.jpg 300w, https:\/\/www.painotekniikka.com\/taitonews\/wp-content\/uploads\/2023\/01\/hannu_Taitocamp-1024x683.jpg 1024w, https:\/\/www.painotekniikka.com\/taitonews\/wp-content\/uploads\/2023\/01\/hannu_Taitocamp-768x512.jpg 768w, https:\/\/www.painotekniikka.com\/taitonews\/wp-content\/uploads\/2023\/01\/hannu_Taitocamp-1536x1024.jpg 1536w, https:\/\/www.painotekniikka.com\/taitonews\/wp-content\/uploads\/2023\/01\/hannu_Taitocamp-2048x1365.jpg 2048w\" sizes=\"auto, (max-width: 2560px) 100vw, 2560px\" \/><figcaption id=\"caption-attachment-1857\" class=\"wp-caption-text\">Palvelualuejohtaja Hannu Immonen visioi Taito-kampuksesta el\u00e4m\u00e4\u00e4 kuhisevaa keskusta Kupittaan Tiedepuiston alueelle.<\/figcaption><\/figure>\n<h4>Pedagoginen pelikirja<\/h4>\n<p>Taito-kampus ei ole vain nykyajan vaatimukset t\u00e4ytt\u00e4v\u00e4 uusi uljas rakennuskompleksi, vaan suunnittelun l\u00e4ht\u00f6kohtana on vahva pedagoginen ajattelu. Siirtymist\u00e4 Taito-kampukseen tukee yhteinen pedagoginen pelikirja.<\/p>\n<p>\u2013 Puhun urheilutaustaisena juuri pelikirjasta. Joukkueurheilussa meill\u00e4 on peli ja pelitaktiikka, jota noudatamme. Taktiikka tuo menestyst\u00e4 ja ellei tuo, taktiikkaa v\u00e4h\u00e4n muutetaan seuraavaan peliin. T\u00e4ss\u00e4 on sama idea. Pelikirjan ja oma taktiikan avulla toteutamme koulutuksiamme kampuksella, Immonen havainnollistaa.<\/p>\n<p>Kun kaikki tuntevat pelikirjan ja yhteisen taktiikan, vie se pedagogiikkaa samaan suuntaan.<\/p>\n<p>\u2013 L\u00e4ht\u00f6kohtaisesti pedagogiikkamme on hyvin ty\u00f6el\u00e4m\u00e4l\u00e4ht\u00f6ist\u00e4 huomioiden yksil\u00f6iden tarpeet ja yksil\u00f6lliset ja joustavat opintopolut. Opiskelijoille tulee erityisesti tutkintokoulutuksissa mahdollistaa my\u00f6s nopeampi eteneminen ja valmistuminen sek\u00e4 joustavasti eri koulutusmuotojen yhdist\u00e4minen.<\/p>\n<p>TAIn noin 10 000 opiskelijan joukossa on eri tavoin oppivia asiakkaita sek\u00e4 eri taustoista ja kulttuureista tulevia oppijoita. Oppivelvollisuusik\u00e4isten lis\u00e4ksi yli 50 prosenttia TAIn opiskelijoista on nuoria aikuisia ja varttuneempia henkil\u00f6it\u00e4.<\/p>\n<p>\u2013 Heillekin tulee tarjota osaamisensa kehitt\u00e4mist\u00e4 tai kokonaan uuden ammatin opiskelua. Sit\u00e4 kautta olemme kaikkien oppilaitos.<\/p>\n<h4>Tilat v\u00e4henev\u00e4t \u2013 olot paranevat<\/h4>\n<p>Taito-kampuksen valmistuttua luovutaan Aninkaisten koulutalosta, Ruiskadun kampuksesta ja Lemmink\u00e4isenkadun koulutalon tiloista. Vaikka kokonaistilaneli\u00f6t v\u00e4henev\u00e4t noin 25\u201330 prosenttia, olosuhteet paranevat.<\/p>\n<p>\u2013 Tilat suunnitellaan nykyp\u00e4iv\u00e4n ammatillisen koulutuksen tarpeisiin ja ty\u00f6el\u00e4m\u00e4l\u00e4ht\u00f6iseen oppimiseen. Tietysti uudet oppimisymp\u00e4rist\u00f6t ovat laadullisesti ihan eri luokkaa kuin vanhoissa 50\u201360-lukujen kiinteist\u00f6iss\u00e4, Immonen toteaa.<\/p>\n<p>Koulutusten kokoaminen yhteen kampukseen takaa my\u00f6s laadukkaammat opiskelijoille ja henkil\u00f6st\u00f6lle tarjottavat palvelut. Opintotoimistojen ja opiskeluhuollon palvelut ovat helposti saatavilla palvelukeskuksessa. My\u00f6s turvallisuusasiat ja kest\u00e4v\u00e4 kehitys toteutuvat kampuksessa entist\u00e4 paremmin.<\/p>\n<p>Jos kaikki sujuu onnellisesti, Taito-kampuksen toiminta voitaneen k\u00e4ynnist\u00e4\u00e4 jo syksyll\u00e4 2027. Kun Turku vuonna 2029 t\u00e4ytt\u00e4\u00e4 800 vuotta, kuhisee Taito-kampus toivon mukaan jo t\u00e4ytt\u00e4 el\u00e4m\u00e4\u00e4.<\/p>\n<p>&nbsp;<\/p>\n<ol>\n<li><b><span data-contrast=\"auto\">Mit\u00e4 parannuksia uusi Taito-kampus tuo TAIn palvelualojen koulutukseen?<\/span><\/b><span data-ccp-props=\"{&quot;201341983&quot;:0,&quot;335559739&quot;:160,&quot;335559740&quot;:259}\">\u00a0<\/span><\/li>\n<li data-leveltext=\"%1.\" data-font=\"Calibri\" data-listid=\"1\" data-list-defn-props=\"{&quot;335552541&quot;:0,&quot;335559684&quot;:-1,&quot;335559685&quot;:720,&quot;335559991&quot;:360,&quot;469769242&quot;:[65533,0],&quot;469777803&quot;:&quot;left&quot;,&quot;469777804&quot;:&quot;%1.&quot;,&quot;469777815&quot;:&quot;hybridMultilevel&quot;}\" aria-setsize=\"-1\" data-aria-posinset=\"2\" data-aria-level=\"1\"><b><span data-contrast=\"auto\">Mink\u00e4laisia uusia oppimisymp\u00e4rist\u00f6j\u00e4 on suunnitteilla tulevaan Taito-kampukseen?<\/span><\/b><span data-ccp-props=\"{&quot;201341983&quot;:0,&quot;335559739&quot;:160,&quot;335559740&quot;:259}\">\u00a0<\/span><\/li>\n<li data-leveltext=\"%1.\" data-font=\"Calibri\" data-listid=\"1\" data-list-defn-props=\"{&quot;335552541&quot;:0,&quot;335559684&quot;:-1,&quot;335559685&quot;:720,&quot;335559991&quot;:360,&quot;469769242&quot;:[65533,0],&quot;469777803&quot;:&quot;left&quot;,&quot;469777804&quot;:&quot;%1.&quot;,&quot;469777815&quot;:&quot;hybridMultilevel&quot;}\" aria-setsize=\"-1\" data-aria-posinset=\"2\" data-aria-level=\"1\"><b><span data-contrast=\"auto\">Mink\u00e4laista yhteisty\u00f6t\u00e4 Taito-kampus mahdollistaa eri opintoalojen v\u00e4lill\u00e4?\u00a0<\/span><\/b><span data-ccp-props=\"{&quot;201341983&quot;:0,&quot;335559739&quot;:160,&quot;335559740&quot;:259}\">\u00a0<\/span><\/li>\n<li data-leveltext=\"%1.\" data-font=\"Calibri\" data-listid=\"1\" data-list-defn-props=\"{&quot;335552541&quot;:0,&quot;335559684&quot;:-1,&quot;335559685&quot;:720,&quot;335559991&quot;:360,&quot;469769242&quot;:[65533,0],&quot;469777803&quot;:&quot;left&quot;,&quot;469777804&quot;:&quot;%1.&quot;,&quot;469777815&quot;:&quot;hybridMultilevel&quot;}\" aria-setsize=\"-1\" data-aria-posinset=\"2\" data-aria-level=\"1\"><b><span data-contrast=\"auto\">Mit\u00e4 muuta haluat tuoda esille omasta ty\u00f6roolistasi k\u00e4sin?<\/span><\/b><span data-ccp-props=\"{&quot;201341983&quot;:0,&quot;335559739&quot;:160,&quot;335559740&quot;:259}\">\u00a0<\/span><\/li>\n<\/ol>\n<p><span data-ccp-props=\"{&quot;201341983&quot;:0,&quot;335559739&quot;:160,&quot;335559740&quot;:259}\">\u00a0<\/span><\/p>\n<p><b><span data-contrast=\"auto\">Kalle Ojanen, koulutusp\u00e4\u00e4llikk\u00f6, Sosiaali- ja terveysala:<\/span><\/b><span data-ccp-props=\"{&quot;201341983&quot;:0,&quot;335559739&quot;:160,&quot;335559740&quot;:259}\">\u00a0<\/span><\/p>\n<ol>\n<li><span data-contrast=\"auto\">Sijainti Kupittaan alueella on selv\u00e4sti nykyisi\u00e4 sijainteja parempi vaihtoehto. TAIn nykyinen rakennuskanta on vanhentunutta, eik\u00e4 nykyisiss\u00e4 koulutaloissa ei ole en\u00e4\u00e4 mahdollista toteuttaa 2030-luvun pedagogiikkaa. Eniten haasteita tuo henkil\u00f6kohtaisen etenemistahdin mukaan tuotettava opetus. Uudet, \u00e4lykk\u00e4\u00e4t koulurakennukset mahdollistavat muokkautumisen kulloisenkin tarpeen mukaan. Kaikkien alojen laitteistot uusiutuvat viimeisimm\u00e4n tekniikan mukaisiksi ja ekologisesti toimiviksi. <\/span><span data-ccp-props=\"{&quot;201341983&quot;:0,&quot;335559739&quot;:160,&quot;335559740&quot;:259}\"><br \/>\n<\/span>Mahdollisuudet jatko-opinnoille korkeakouluissa ovat paremmin esill\u00e4, kun olemme osa Kupittaan Tiedepuistoa. AMK-v\u00e4yl\u00e4opintoja on luonnollista suorittaa kaikilla aloilla.<span data-ccp-props=\"{&quot;201341983&quot;:0,&quot;335559739&quot;:160,&quot;335559740&quot;:259}\">\u00a0<\/span><\/li>\n<\/ol>\n<ol start=\"2\">\n<li><span data-contrast=\"auto\">Koulun jokaisen tilan pit\u00e4\u00e4 olla\u202fjoko k\u00e4dentaitopaja maksimik\u00e4ytt\u00f6asteella tai tila, joka muovautuu sellaiseksi kuin kulloinkin on tarve. Alueen olemassa olevat mahdollisuudet, kuten liikuntatilat, auditoriot ja yhteisk\u00e4ytt\u00f6tilat AMK:n kanssa, on kartoitettu eik\u00e4 p\u00e4\u00e4llekk\u00e4istarjontaa rakenneta. Taito-kampukselle rakennetaan vastaavasti tilaa, joka mahdollisesti Turun AMK:lta puuttuu, ja johon TAIlla ei riit\u00e4 k\u00e4ytt\u00f6\u00e4 koko ajan. <\/span><span data-ccp-props=\"{&quot;201341983&quot;:0,&quot;335559739&quot;:160,&quot;335559740&quot;:259}\"><br \/>\n<\/span>TAITO-kampus kutsuu my\u00f6s ohikulkijoita ja alueella asuvia poikkeamaan tarjoamalla kaikenlaista mielenkiintoista opiskelijaty\u00f6n\u00e4 tuotettua, niin palvelua kuin tuotteitakin. Kampus haluaa olla luonnollinen osa uutta kaupunginosaa.<span data-ccp-props=\"{&quot;201341983&quot;:0,&quot;335559739&quot;:160,&quot;335559740&quot;:259}\">\u00a0<\/span><\/li>\n<\/ol>\n<ol start=\"3\">\n<li><span data-contrast=\"auto\">Oikeastaan kaikki se, mik\u00e4 on hienointa, on viel\u00e4 keksim\u00e4tt\u00e4, koska nykyisin eri alojen koulutuksessa olevat eiv\u00e4t arjen tilanteissa kohtaa tai heille ei pystyt\u00e4 tarjoamaan kohtaamisia arjen keskelle. Usean alan osaamisen yhdist\u00e4minen on tulevaisuudessa t\u00e4rke\u00e4\u00e4. Tutkinnon osien valitsemiselta ristiin kaikkien palvelualojen opintojen v\u00e4lill\u00e4 katoavat viimeisetkin et\u00e4isyyteen liittyv\u00e4t esteet. <\/span><span data-ccp-props=\"{&quot;201341983&quot;:0,&quot;335559739&quot;:160,&quot;335559740&quot;:259}\"><br \/>\n<\/span>Yritt\u00e4jyyden ja liiketoimintaosaamisen kehitt\u00e4misess\u00e4 mahdollisuudet ovat rajattomimmillaan, sill\u00e4 siihen istuvat kaikki TAIn palvelualat AMK:n tradenomikoulutuksen kanssa.\u00a0<span data-ccp-props=\"{&quot;201341983&quot;:0,&quot;335559739&quot;:160,&quot;335559740&quot;:259}\">\u00a0<\/span><\/li>\n<\/ol>\n<ol start=\"4\">\n<li><span data-contrast=\"auto\">Hyvin todenn\u00e4k\u00f6isesti se osuus opinnoista, joka voidaan, suoritetaan muualla kuin koulussa ollen. Mahdollisia suorituspaikkoja ovat koti ja ty\u00f6paikat. Opiskelijoiden itseohjautuvuuden kehitt\u00e4minen on kriittisess\u00e4 asemassa. <\/span><span data-ccp-props=\"{&quot;201341983&quot;:0,&quot;335559739&quot;:160,&quot;335559740&quot;:259}\"><br \/>\n<\/span>Usean oppilaitosyksik\u00f6n keskitt\u00e4minen yhteen sijaintiin tuo yhteen useamman ty\u00f6kulttuurin ja edellytt\u00e4\u00e4 palvelujen yhdist\u00e4mist\u00e4. T\u00e4m\u00e4 on teht\u00e4v\u00e4 palvelumuotoilun keinoin asiakkaita, eli opiskelijoita, kuunnellen.<span data-ccp-props=\"{&quot;201341983&quot;:0,&quot;335559739&quot;:160,&quot;335559740&quot;:259}\"><br \/>\n<\/span>Kouluina k\u00e4ytett\u00e4v\u00e4t talot ovat mielest\u00e4ni liian kauan olleet \u201dtiilikasoja ilman aktiivista roolia\u201d. Tulevaisuuden rakennusten pit\u00e4\u00e4 k\u00e4ytt\u00e4\u00e4 omaa \u00e4ly\u00e4\u00e4n oppimisanalytiikkaan soveltaen.<span data-ccp-props=\"{&quot;201341983&quot;:0,&quot;335559739&quot;:160,&quot;335559740&quot;:259}\">\u00a0<\/span><\/li>\n<\/ol>\n<p><span data-ccp-props=\"{&quot;201341983&quot;:0,&quot;335559739&quot;:160,&quot;335559740&quot;:259}\">\u00a0<\/span><\/p>\n<p><b><span data-contrast=\"auto\">Tommy Gustafsson, Taito-kampuksen tilahankkeen hankep\u00e4\u00e4llikk\u00f6:<\/span><\/b><span data-ccp-props=\"{&quot;201341983&quot;:0,&quot;335559739&quot;:160,&quot;335559740&quot;:256}\">\u00a0<\/span><\/p>\n<ol>\n<li><span data-contrast=\"auto\">Yksi merkitt\u00e4v\u00e4 parannus on eri opintoalojen tuominen samaan rakennukseen ja samoihin tiloihin. T\u00e4m\u00e4 helpottaa yhteisty\u00f6n j\u00e4rjest\u00e4mist\u00e4 yli opintoalarajojen. Nykytilanteessahan opintoalat ovat eri rakennuksissa eri puolilla kaupunkia.<br \/>\n<\/span><span data-ccp-props=\"{&quot;201341983&quot;:0,&quot;335559739&quot;:160,&quot;335559740&quot;:256}\">\u00a0<\/span><span data-contrast=\"auto\">Toinen parannus liittyy kampuksen sijaintiin ty\u00f6paikka- ja asuinalueen yhteyteen: sijainti parantaa opiskelijoiden ja opintoalojen tarjoamien palveluiden saavutettavuutta ja n\u00e4kyvyytt\u00e4. Lis\u00e4ksi tuleva sijainti Turun tiedepuiston yhteydess\u00e4 avaa mahdollisuudet Turku AMK:n ja TAIn v\u00e4liselle yhteistoiminnalle uudella tavalla. Opetustilojen yhteisk\u00e4yt\u00f6n mahdollisuutta on jo alustavasti tarkasteltu AMK:in ja TAIn v\u00e4lill\u00e4.\u00a0<\/span><span data-ccp-props=\"{&quot;201341983&quot;:0,&quot;335559739&quot;:160,&quot;335559740&quot;:256}\">\u00a0<\/span><\/li>\n<\/ol>\n<ol start=\"2\">\n<li><span data-contrast=\"auto\">Kampuksessa mahdollisimman suuri osa tiloista toimii oppimisymp\u00e4rist\u00f6n\u00e4, eiv\u00e4t pelk\u00e4st\u00e4\u00e4n perinteisess\u00e4 mieless\u00e4 k\u00e4sitetyt opetustilat. Tilojen suunnittelussa ja k\u00e4yt\u00f6ss\u00e4 korostuu my\u00f6s enemm\u00e4n ryhm\u00e4- ja projektity\u00f6skentely sek\u00e4 omaehtoinen opiskelu. <\/span><span data-ccp-props=\"{&quot;201341983&quot;:0,&quot;335559739&quot;:160,&quot;335559740&quot;:256}\">\u00a0<\/span><\/li>\n<\/ol>\n<ol start=\"3\">\n<li><span data-contrast=\"auto\">T\u00e4h\u00e4n osaavat varmasti TAIn edustajat paremmin vastata, mutta toimiminen samassa kampuksessa mahdollistaa yhteist\u00e4 opetusta ja tilojen yhteisk\u00e4ytt\u00f6\u00e4.<\/span><span data-ccp-props=\"{&quot;201341983&quot;:0,&quot;335559739&quot;:160,&quot;335559740&quot;:256}\">\u00a0<\/span><\/li>\n<\/ol>\n<ol start=\"4\">\n<li><span data-contrast=\"auto\">Toimin Taito-kampuksen tilahankkeen hankep\u00e4\u00e4llikk\u00f6n\u00e4. Taito-kampus ja sen rinnalla toteutettava kansi- ja infrahanke muodostavat Kupittaan K\u00e4rjen hankkeen. Hanke toteutetaan suurena allianssihankkeena, johon tulee osallistumaan kymmeni\u00e4 eri alojen asiantuntijoita, suunnittelijoita ja urakoitsijoita. Kupittaan K\u00e4rki on t\u00e4rke\u00e4 kaupunkikehityshanke, ja Taito-kampus on siin\u00e4 keskeisess\u00e4 roolissa. Tavoitteena on, ett\u00e4 kampuksesta tulisi uuden it\u00e4isen Kupittaan syd\u00e4n, jossa alueen ty\u00f6ntekij\u00e4t ja asukkaat voivat hy\u00f6dynt\u00e4\u00e4 kampuksen tarjoamia palveluita.<\/span><span data-ccp-props=\"{&quot;201341983&quot;:0,&quot;335559739&quot;:160,&quot;335559740&quot;:259}\">\u00a0<\/span><\/li>\n<\/ol>\n<p><b><span data-contrast=\"auto\">Laura Lindholm, <\/span><\/b><b><span data-contrast=\"none\">tiimivastaava, Hius- ja kauneudenhoitoala:<\/span><\/b><span data-ccp-props=\"{&quot;201341983&quot;:0,&quot;335559739&quot;:0,&quot;335559740&quot;:240}\">\u00a0<\/span><\/p>\n<ol>\n<li>\n<span data-contrast=\"none\">Toivon erityisesti Taito-kampuksen tuovan aloja yhteen ja ristiin p\u00f6lytt\u00e4v\u00e4n opettajien ja opiskelijoiden osaamista. Palvelualat n\u00e4kyv\u00e4t ulkopuolelle oikeina palvelun oppimisen ymp\u00e4rist\u00f6in\u00e4, jossa opitaan ja ty\u00f6skennell\u00e4\u00e4n asiakkaiden parissa. Kampus on helposti l\u00e4hestytt\u00e4v\u00e4 ja houkutteleva oppimisymp\u00e4rist\u00f6. Ty\u00f6skentely uudella kampuksella tukee ty\u00f6- ja opiskeluhyvinvointia.<\/span><\/li>\n<li><span data-contrast=\"none\">Hius- ja kauneudenhoitoalla tehd\u00e4\u00e4n opettajien kanssa tulevaisuuden ennakointia yhteisty\u00f6ss\u00e4 ennakointiakatemian kanssa. T\u00e4ss\u00e4 ty\u00f6ss\u00e4 asetetaan n\u00e4kemykset Taito-kampuksessa tarvittavista oppimisymp\u00e4rist\u00f6ist\u00e4. Nyt on jo n\u00e4ht\u00e4viss\u00e4 se, ett\u00e4 mahdollisimman ty\u00f6el\u00e4m\u00e4l\u00e4ht\u00f6iset oppimisymp\u00e4rist\u00f6t ovat ensisijainen vaatimus. My\u00f6s muunneltavat tilat erilaisiin oppimisen k\u00e4ytt\u00f6tarkoituksiin ovat tarpeen, koska jo alojemme sis\u00e4ll\u00e4 painotukset ja osaamistarpeet muuttuvat. Digitaalisuus ja vr-oppimisymp\u00e4rist\u00f6t ovat tulevaisuuden <\/span><i><span data-contrast=\"none\">business as usual<\/span><\/i><span data-contrast=\"none\">,<\/span> <span data-contrast=\"none\">vaikkakin teemme ty\u00f6t\u00e4 k\u00e4sill\u00e4mme.\n<p><\/span><\/li>\n<li><span data-contrast=\"none\">Mahdollisuus on vaikka mihin. Kun ihmiset tuodaan yhteen ja heille annetaan mahdollisuus ideointiin, ei yhteisty\u00f6n mahdollisuuksilla ole rajoja. Hius- ja kauneudenhoitoala tekee yhteisty\u00f6t\u00e4 jo nyt eri alojen kanssa, ja joka yhteisty\u00f6kerralla sek\u00e4 opiskelijat ett\u00e4 opettajat ovat oppineet uutta. Opettajillakin on mahdollisuus siihen, ett\u00e4 ty\u00f6t\u00e4 ei tarvitse tehd\u00e4 yksin.<\/span><\/li>\n<\/ol>\n<h4>Taito-kampukselle siirtyv\u00e4t koulutusalat ja toiminnot:<\/h4>\n<ul>\n<li>Sosiaali- ja terveysala<\/li>\n<li>Liiketoiminta<\/li>\n<li>Hotelli-, ravintola-, matkailu- ja cateringala<\/li>\n<li>Opetusravintola Taito<\/li>\n<li>Elintarvikeala<\/li>\n<li>Hius- ja kauneudenhoitoala<\/li>\n<li>Puhtaus- ja kiinteist\u00f6palveluala<\/li>\n<li>Tekstiili- ja muotiala<\/li>\n<li>Aikuisten perusopetus<\/li>\n<li>Tuva-koulutus<\/li>\n<li>Yritt\u00e4jyyden oppimisymp\u00e4rist\u00f6 Wisio palvelupisteineen<\/li>\n<li>Oppisopimustoimisto<\/li>\n<li>Palvelualojen opinto-ohjaus<\/li>\n<li>Opiskelijahuollon palvelut<\/li>\n<\/ul>\n<p><em>TEKSTI Lea Froloff<\/em><\/p>\n<p><em>KUVA Nestori Kyyr\u00e4, Turun Kaupunki<\/em><\/p>\n","protected":false},"excerpt":{"rendered":"<p>TAIn palvelualojen yhteinen oppimisymp\u00e4rist\u00f6 Taito-kampus nousee tulevaisuudessa Turun Tiedepuiston alueelle Kupittaalle. Suunnitteluvaiheessa oleva kampus takaa nykyaikaisemman opetusteknologian ja tarkoituksenmukaisemmat tilat. Kupittaan Tiedepuiston alueelle rakennettava Taito-kampus on TAIn palvelualojen yhteinen oppimisymp\u00e4rist\u00f6, jossa eri koulutusyksik\u00f6iden tarpeet kohtaavat. Taito-kampuksesta on tulossa ty\u00f6el\u00e4m\u00e4- ja asiakasl\u00e4ht\u00f6inen ymp\u00e4rist\u00f6, johon on suunnitteilla runsaasti erityyppisi\u00e4 palveluita. \u2013 N\u00e4en Taito-kampuksen my\u00f6s er\u00e4\u00e4nlaisena Tiedepuiston alueen [&hellip;]<\/p>\n","protected":false},"author":7,"featured_media":1867,"comment_status":"open","ping_status":"open","sticky":false,"template":"","format":"standard","meta":{"_monsterinsights_skip_tracking":false,"_monsterinsights_sitenote_active":false,"_monsterinsights_sitenote_note":"","_monsterinsights_sitenote_category":0,"footnotes":""},"categories":[30,72],"tags":[88,94,91,63,95,50,87,92,93,89,49,90,56,96],"class_list":["post-1911","post","type-post","status-publish","format-standard","has-post-thumbnail","hentry","category-lehti2023","category-tutkinnot","tag-alykas-oppimisymparisto","tag-ammattikorkeakoulu","tag-hankkeet","tag-henkilokohtaisuus","tag-korkeakoulut","tag-opiskelutilat","tag-oppimisymparisto","tag-palvelualat","tag-pedagogiikka","tag-rakentaminen","tag-taito-kampus","tag-tiedepuisto","tag-yhteistyoyritykset","tag-yritysyhteistyo"],"yoast_head":"<!-- This site is optimized with the Yoast SEO plugin v27.5 - https:\/\/yoast.com\/product\/yoast-seo-wordpress\/ -->\n<title>Tuleva Taito-kampus sykkii el\u00e4m\u00e4\u00e4 - TAITONEWS<\/title>\n<meta name=\"description\" content=\"Turun ammatti-instituutin palvelualojen yhteinen oppimisymp\u00e4rist\u00f6 Taito-kampus nousee tulevaisuudessa Tiedepuistoon Kupittaalle.\" \/>\n<meta name=\"robots\" content=\"index, follow, max-snippet:-1, max-image-preview:large, max-video-preview:-1\" \/>\n<link rel=\"canonical\" href=\"https:\/\/www.painotekniikka.com\/taitonews\/lehti2023\/tuleva-taito-kampus-sykkii-elamaa\/\" \/>\n<meta property=\"og:locale\" content=\"fi_FI\" \/>\n<meta property=\"og:type\" content=\"article\" \/>\n<meta property=\"og:title\" content=\"Tuleva Taito-kampus sykkii el\u00e4m\u00e4\u00e4 - TAITONEWS\" \/>\n<meta property=\"og:description\" content=\"Turun ammatti-instituutin palvelualojen yhteinen oppimisymp\u00e4rist\u00f6 Taito-kampus nousee tulevaisuudessa Tiedepuistoon Kupittaalle.\" \/>\n<meta property=\"og:url\" content=\"https:\/\/www.painotekniikka.com\/taitonews\/lehti2023\/tuleva-taito-kampus-sykkii-elamaa\/\" \/>\n<meta property=\"og:site_name\" content=\"TAITONEWS\" \/>\n<meta property=\"article:published_time\" content=\"2023-02-01T22:01:37+00:00\" \/>\n<meta property=\"article:modified_time\" content=\"2023-02-09T13:42:30+00:00\" \/>\n<meta property=\"og:image\" content=\"https:\/\/www.painotekniikka.com\/taitonews\/wp-content\/uploads\/2023\/01\/kuva-1-ilmakuva-lannesta-scaled.jpg\" \/>\n\t<meta property=\"og:image:width\" content=\"2560\" \/>\n\t<meta property=\"og:image:height\" content=\"1811\" \/>\n\t<meta property=\"og:image:type\" content=\"image\/jpeg\" \/>\n<meta name=\"author\" content=\"admin8\" \/>\n<meta name=\"twitter:card\" content=\"summary_large_image\" \/>\n<meta name=\"twitter:label1\" content=\"Kirjoittanut\" \/>\n\t<meta name=\"twitter:data1\" content=\"admin8\" \/>\n\t<meta name=\"twitter:label2\" content=\"Arvioitu lukuaika\" \/>\n\t<meta name=\"twitter:data2\" content=\"9 minuuttia\" \/>\n<script type=\"application\/ld+json\" class=\"yoast-schema-graph\">{\"@context\":\"https:\\\/\\\/schema.org\",\"@graph\":[{\"@type\":\"Article\",\"@id\":\"https:\\\/\\\/www.painotekniikka.com\\\/taitonews\\\/lehti2023\\\/tuleva-taito-kampus-sykkii-elamaa\\\/#article\",\"isPartOf\":{\"@id\":\"https:\\\/\\\/www.painotekniikka.com\\\/taitonews\\\/lehti2023\\\/tuleva-taito-kampus-sykkii-elamaa\\\/\"},\"author\":{\"name\":\"admin8\",\"@id\":\"https:\\\/\\\/www.painotekniikka.com\\\/taitonews\\\/#\\\/schema\\\/person\\\/707b19593c42aecacd562d45225dfb2e\"},\"headline\":\"Tuleva Taito-kampus sykkii el\u00e4m\u00e4\u00e4\",\"datePublished\":\"2023-02-01T22:01:37+00:00\",\"dateModified\":\"2023-02-09T13:42:30+00:00\",\"mainEntityOfPage\":{\"@id\":\"https:\\\/\\\/www.painotekniikka.com\\\/taitonews\\\/lehti2023\\\/tuleva-taito-kampus-sykkii-elamaa\\\/\"},\"wordCount\":1537,\"commentCount\":0,\"image\":{\"@id\":\"https:\\\/\\\/www.painotekniikka.com\\\/taitonews\\\/lehti2023\\\/tuleva-taito-kampus-sykkii-elamaa\\\/#primaryimage\"},\"thumbnailUrl\":\"https:\\\/\\\/www.painotekniikka.com\\\/taitonews\\\/wp-content\\\/uploads\\\/2023\\\/01\\\/kuva-1-ilmakuva-lannesta-scaled.jpg\",\"keywords\":[\"\u00e4lyk\u00e4s oppimisymp\u00e4rist\u00f6\",\"ammattikorkeakoulu\",\"hankkeet\",\"henkil\u00f6kohtaisuus\",\"korkeakoulut\",\"Opiskelutilat\",\"oppimisymp\u00e4rist\u00f6\",\"palvelualat\",\"pedagogiikka\",\"rakentaminen\",\"Taito-Kampus\",\"tiedepuisto\",\"yhteisty\u00f6yritykset\",\"yritysyhteisty\u00f6\"],\"articleSection\":[\"Lehti2023\",\"Tutkinnot\"],\"inLanguage\":\"fi\",\"potentialAction\":[{\"@type\":\"CommentAction\",\"name\":\"Comment\",\"target\":[\"https:\\\/\\\/www.painotekniikka.com\\\/taitonews\\\/lehti2023\\\/tuleva-taito-kampus-sykkii-elamaa\\\/#respond\"]}]},{\"@type\":\"WebPage\",\"@id\":\"https:\\\/\\\/www.painotekniikka.com\\\/taitonews\\\/lehti2023\\\/tuleva-taito-kampus-sykkii-elamaa\\\/\",\"url\":\"https:\\\/\\\/www.painotekniikka.com\\\/taitonews\\\/lehti2023\\\/tuleva-taito-kampus-sykkii-elamaa\\\/\",\"name\":\"Tuleva Taito-kampus sykkii el\u00e4m\u00e4\u00e4 - TAITONEWS\",\"isPartOf\":{\"@id\":\"https:\\\/\\\/www.painotekniikka.com\\\/taitonews\\\/#website\"},\"primaryImageOfPage\":{\"@id\":\"https:\\\/\\\/www.painotekniikka.com\\\/taitonews\\\/lehti2023\\\/tuleva-taito-kampus-sykkii-elamaa\\\/#primaryimage\"},\"image\":{\"@id\":\"https:\\\/\\\/www.painotekniikka.com\\\/taitonews\\\/lehti2023\\\/tuleva-taito-kampus-sykkii-elamaa\\\/#primaryimage\"},\"thumbnailUrl\":\"https:\\\/\\\/www.painotekniikka.com\\\/taitonews\\\/wp-content\\\/uploads\\\/2023\\\/01\\\/kuva-1-ilmakuva-lannesta-scaled.jpg\",\"datePublished\":\"2023-02-01T22:01:37+00:00\",\"dateModified\":\"2023-02-09T13:42:30+00:00\",\"author\":{\"@id\":\"https:\\\/\\\/www.painotekniikka.com\\\/taitonews\\\/#\\\/schema\\\/person\\\/707b19593c42aecacd562d45225dfb2e\"},\"description\":\"Turun ammatti-instituutin palvelualojen yhteinen oppimisymp\u00e4rist\u00f6 Taito-kampus nousee tulevaisuudessa Tiedepuistoon Kupittaalle.\",\"breadcrumb\":{\"@id\":\"https:\\\/\\\/www.painotekniikka.com\\\/taitonews\\\/lehti2023\\\/tuleva-taito-kampus-sykkii-elamaa\\\/#breadcrumb\"},\"inLanguage\":\"fi\",\"potentialAction\":[{\"@type\":\"ReadAction\",\"target\":[\"https:\\\/\\\/www.painotekniikka.com\\\/taitonews\\\/lehti2023\\\/tuleva-taito-kampus-sykkii-elamaa\\\/\"]}]},{\"@type\":\"ImageObject\",\"inLanguage\":\"fi\",\"@id\":\"https:\\\/\\\/www.painotekniikka.com\\\/taitonews\\\/lehti2023\\\/tuleva-taito-kampus-sykkii-elamaa\\\/#primaryimage\",\"url\":\"https:\\\/\\\/www.painotekniikka.com\\\/taitonews\\\/wp-content\\\/uploads\\\/2023\\\/01\\\/kuva-1-ilmakuva-lannesta-scaled.jpg\",\"contentUrl\":\"https:\\\/\\\/www.painotekniikka.com\\\/taitonews\\\/wp-content\\\/uploads\\\/2023\\\/01\\\/kuva-1-ilmakuva-lannesta-scaled.jpg\",\"width\":2560,\"height\":1811},{\"@type\":\"BreadcrumbList\",\"@id\":\"https:\\\/\\\/www.painotekniikka.com\\\/taitonews\\\/lehti2023\\\/tuleva-taito-kampus-sykkii-elamaa\\\/#breadcrumb\",\"itemListElement\":[{\"@type\":\"ListItem\",\"position\":1,\"name\":\"Etusivu\",\"item\":\"https:\\\/\\\/www.painotekniikka.com\\\/taitonews\\\/\"},{\"@type\":\"ListItem\",\"position\":2,\"name\":\"Tuleva Taito-kampus sykkii el\u00e4m\u00e4\u00e4\"}]},{\"@type\":\"WebSite\",\"@id\":\"https:\\\/\\\/www.painotekniikka.com\\\/taitonews\\\/#website\",\"url\":\"https:\\\/\\\/www.painotekniikka.com\\\/taitonews\\\/\",\"name\":\"TAITONEWS\",\"description\":\"Ammatillisen koulutuksen arkea TAIn koulutaloissa ja yhteisyrityksiss&auml;.\",\"potentialAction\":[{\"@type\":\"SearchAction\",\"target\":{\"@type\":\"EntryPoint\",\"urlTemplate\":\"https:\\\/\\\/www.painotekniikka.com\\\/taitonews\\\/?s={search_term_string}\"},\"query-input\":{\"@type\":\"PropertyValueSpecification\",\"valueRequired\":true,\"valueName\":\"search_term_string\"}}],\"inLanguage\":\"fi\"},{\"@type\":\"Person\",\"@id\":\"https:\\\/\\\/www.painotekniikka.com\\\/taitonews\\\/#\\\/schema\\\/person\\\/707b19593c42aecacd562d45225dfb2e\",\"name\":\"admin8\",\"image\":{\"@type\":\"ImageObject\",\"inLanguage\":\"fi\",\"@id\":\"https:\\\/\\\/secure.gravatar.com\\\/avatar\\\/0894aff8a9b587a45b0190220abb9db590a28b5d319a5f3f7773a449e540355b?s=96&d=mm&r=g\",\"url\":\"https:\\\/\\\/secure.gravatar.com\\\/avatar\\\/0894aff8a9b587a45b0190220abb9db590a28b5d319a5f3f7773a449e540355b?s=96&d=mm&r=g\",\"contentUrl\":\"https:\\\/\\\/secure.gravatar.com\\\/avatar\\\/0894aff8a9b587a45b0190220abb9db590a28b5d319a5f3f7773a449e540355b?s=96&d=mm&r=g\",\"caption\":\"admin8\"},\"url\":\"https:\\\/\\\/www.painotekniikka.com\\\/taitonews\\\/author\\\/admin8\\\/\"}]}<\/script>\n<!-- \/ Yoast SEO plugin. -->","yoast_head_json":{"title":"Tuleva Taito-kampus sykkii el\u00e4m\u00e4\u00e4 - TAITONEWS","description":"Turun ammatti-instituutin palvelualojen yhteinen oppimisymp\u00e4rist\u00f6 Taito-kampus nousee tulevaisuudessa Tiedepuistoon Kupittaalle.","robots":{"index":"index","follow":"follow","max-snippet":"max-snippet:-1","max-image-preview":"max-image-preview:large","max-video-preview":"max-video-preview:-1"},"canonical":"https:\/\/www.painotekniikka.com\/taitonews\/lehti2023\/tuleva-taito-kampus-sykkii-elamaa\/","og_locale":"fi_FI","og_type":"article","og_title":"Tuleva Taito-kampus sykkii el\u00e4m\u00e4\u00e4 - TAITONEWS","og_description":"Turun ammatti-instituutin palvelualojen yhteinen oppimisymp\u00e4rist\u00f6 Taito-kampus nousee tulevaisuudessa Tiedepuistoon Kupittaalle.","og_url":"https:\/\/www.painotekniikka.com\/taitonews\/lehti2023\/tuleva-taito-kampus-sykkii-elamaa\/","og_site_name":"TAITONEWS","article_published_time":"2023-02-01T22:01:37+00:00","article_modified_time":"2023-02-09T13:42:30+00:00","og_image":[{"width":2560,"height":1811,"url":"https:\/\/www.painotekniikka.com\/taitonews\/wp-content\/uploads\/2023\/01\/kuva-1-ilmakuva-lannesta-scaled.jpg","type":"image\/jpeg"}],"author":"admin8","twitter_card":"summary_large_image","twitter_misc":{"Kirjoittanut":"admin8","Arvioitu lukuaika":"9 minuuttia"},"schema":{"@context":"https:\/\/schema.org","@graph":[{"@type":"Article","@id":"https:\/\/www.painotekniikka.com\/taitonews\/lehti2023\/tuleva-taito-kampus-sykkii-elamaa\/#article","isPartOf":{"@id":"https:\/\/www.painotekniikka.com\/taitonews\/lehti2023\/tuleva-taito-kampus-sykkii-elamaa\/"},"author":{"name":"admin8","@id":"https:\/\/www.painotekniikka.com\/taitonews\/#\/schema\/person\/707b19593c42aecacd562d45225dfb2e"},"headline":"Tuleva Taito-kampus sykkii el\u00e4m\u00e4\u00e4","datePublished":"2023-02-01T22:01:37+00:00","dateModified":"2023-02-09T13:42:30+00:00","mainEntityOfPage":{"@id":"https:\/\/www.painotekniikka.com\/taitonews\/lehti2023\/tuleva-taito-kampus-sykkii-elamaa\/"},"wordCount":1537,"commentCount":0,"image":{"@id":"https:\/\/www.painotekniikka.com\/taitonews\/lehti2023\/tuleva-taito-kampus-sykkii-elamaa\/#primaryimage"},"thumbnailUrl":"https:\/\/www.painotekniikka.com\/taitonews\/wp-content\/uploads\/2023\/01\/kuva-1-ilmakuva-lannesta-scaled.jpg","keywords":["\u00e4lyk\u00e4s oppimisymp\u00e4rist\u00f6","ammattikorkeakoulu","hankkeet","henkil\u00f6kohtaisuus","korkeakoulut","Opiskelutilat","oppimisymp\u00e4rist\u00f6","palvelualat","pedagogiikka","rakentaminen","Taito-Kampus","tiedepuisto","yhteisty\u00f6yritykset","yritysyhteisty\u00f6"],"articleSection":["Lehti2023","Tutkinnot"],"inLanguage":"fi","potentialAction":[{"@type":"CommentAction","name":"Comment","target":["https:\/\/www.painotekniikka.com\/taitonews\/lehti2023\/tuleva-taito-kampus-sykkii-elamaa\/#respond"]}]},{"@type":"WebPage","@id":"https:\/\/www.painotekniikka.com\/taitonews\/lehti2023\/tuleva-taito-kampus-sykkii-elamaa\/","url":"https:\/\/www.painotekniikka.com\/taitonews\/lehti2023\/tuleva-taito-kampus-sykkii-elamaa\/","name":"Tuleva Taito-kampus sykkii el\u00e4m\u00e4\u00e4 - TAITONEWS","isPartOf":{"@id":"https:\/\/www.painotekniikka.com\/taitonews\/#website"},"primaryImageOfPage":{"@id":"https:\/\/www.painotekniikka.com\/taitonews\/lehti2023\/tuleva-taito-kampus-sykkii-elamaa\/#primaryimage"},"image":{"@id":"https:\/\/www.painotekniikka.com\/taitonews\/lehti2023\/tuleva-taito-kampus-sykkii-elamaa\/#primaryimage"},"thumbnailUrl":"https:\/\/www.painotekniikka.com\/taitonews\/wp-content\/uploads\/2023\/01\/kuva-1-ilmakuva-lannesta-scaled.jpg","datePublished":"2023-02-01T22:01:37+00:00","dateModified":"2023-02-09T13:42:30+00:00","author":{"@id":"https:\/\/www.painotekniikka.com\/taitonews\/#\/schema\/person\/707b19593c42aecacd562d45225dfb2e"},"description":"Turun ammatti-instituutin palvelualojen yhteinen oppimisymp\u00e4rist\u00f6 Taito-kampus nousee tulevaisuudessa Tiedepuistoon Kupittaalle.","breadcrumb":{"@id":"https:\/\/www.painotekniikka.com\/taitonews\/lehti2023\/tuleva-taito-kampus-sykkii-elamaa\/#breadcrumb"},"inLanguage":"fi","potentialAction":[{"@type":"ReadAction","target":["https:\/\/www.painotekniikka.com\/taitonews\/lehti2023\/tuleva-taito-kampus-sykkii-elamaa\/"]}]},{"@type":"ImageObject","inLanguage":"fi","@id":"https:\/\/www.painotekniikka.com\/taitonews\/lehti2023\/tuleva-taito-kampus-sykkii-elamaa\/#primaryimage","url":"https:\/\/www.painotekniikka.com\/taitonews\/wp-content\/uploads\/2023\/01\/kuva-1-ilmakuva-lannesta-scaled.jpg","contentUrl":"https:\/\/www.painotekniikka.com\/taitonews\/wp-content\/uploads\/2023\/01\/kuva-1-ilmakuva-lannesta-scaled.jpg","width":2560,"height":1811},{"@type":"BreadcrumbList","@id":"https:\/\/www.painotekniikka.com\/taitonews\/lehti2023\/tuleva-taito-kampus-sykkii-elamaa\/#breadcrumb","itemListElement":[{"@type":"ListItem","position":1,"name":"Etusivu","item":"https:\/\/www.painotekniikka.com\/taitonews\/"},{"@type":"ListItem","position":2,"name":"Tuleva Taito-kampus sykkii el\u00e4m\u00e4\u00e4"}]},{"@type":"WebSite","@id":"https:\/\/www.painotekniikka.com\/taitonews\/#website","url":"https:\/\/www.painotekniikka.com\/taitonews\/","name":"TAITONEWS","description":"Ammatillisen koulutuksen arkea TAIn koulutaloissa ja yhteisyrityksiss&auml;.","potentialAction":[{"@type":"SearchAction","target":{"@type":"EntryPoint","urlTemplate":"https:\/\/www.painotekniikka.com\/taitonews\/?s={search_term_string}"},"query-input":{"@type":"PropertyValueSpecification","valueRequired":true,"valueName":"search_term_string"}}],"inLanguage":"fi"},{"@type":"Person","@id":"https:\/\/www.painotekniikka.com\/taitonews\/#\/schema\/person\/707b19593c42aecacd562d45225dfb2e","name":"admin8","image":{"@type":"ImageObject","inLanguage":"fi","@id":"https:\/\/secure.gravatar.com\/avatar\/0894aff8a9b587a45b0190220abb9db590a28b5d319a5f3f7773a449e540355b?s=96&d=mm&r=g","url":"https:\/\/secure.gravatar.com\/avatar\/0894aff8a9b587a45b0190220abb9db590a28b5d319a5f3f7773a449e540355b?s=96&d=mm&r=g","contentUrl":"https:\/\/secure.gravatar.com\/avatar\/0894aff8a9b587a45b0190220abb9db590a28b5d319a5f3f7773a449e540355b?s=96&d=mm&r=g","caption":"admin8"},"url":"https:\/\/www.painotekniikka.com\/taitonews\/author\/admin8\/"}]}},"_links":{"self":[{"href":"https:\/\/www.painotekniikka.com\/taitonews\/wp-json\/wp\/v2\/posts\/1911","targetHints":{"allow":["GET"]}}],"collection":[{"href":"https:\/\/www.painotekniikka.com\/taitonews\/wp-json\/wp\/v2\/posts"}],"about":[{"href":"https:\/\/www.painotekniikka.com\/taitonews\/wp-json\/wp\/v2\/types\/post"}],"author":[{"embeddable":true,"href":"https:\/\/www.painotekniikka.com\/taitonews\/wp-json\/wp\/v2\/users\/7"}],"replies":[{"embeddable":true,"href":"https:\/\/www.painotekniikka.com\/taitonews\/wp-json\/wp\/v2\/comments?post=1911"}],"version-history":[{"count":14,"href":"https:\/\/www.painotekniikka.com\/taitonews\/wp-json\/wp\/v2\/posts\/1911\/revisions"}],"predecessor-version":[{"id":2133,"href":"https:\/\/www.painotekniikka.com\/taitonews\/wp-json\/wp\/v2\/posts\/1911\/revisions\/2133"}],"wp:featuredmedia":[{"embeddable":true,"href":"https:\/\/www.painotekniikka.com\/taitonews\/wp-json\/wp\/v2\/media\/1867"}],"wp:attachment":[{"href":"https:\/\/www.painotekniikka.com\/taitonews\/wp-json\/wp\/v2\/media?parent=1911"}],"wp:term":[{"taxonomy":"category","embeddable":true,"href":"https:\/\/www.painotekniikka.com\/taitonews\/wp-json\/wp\/v2\/categories?post=1911"},{"taxonomy":"post_tag","embeddable":true,"href":"https:\/\/www.painotekniikka.com\/taitonews\/wp-json\/wp\/v2\/tags?post=1911"}],"curies":[{"name":"wp","href":"https:\/\/api.w.org\/{rel}","templated":true}]}}