{"id":1804,"date":"2023-02-02T00:00:55","date_gmt":"2023-02-01T22:00:55","guid":{"rendered":"https:\/\/www.painotekniikka.com\/taitonews\/?p=1804"},"modified":"2023-02-16T18:44:47","modified_gmt":"2023-02-16T16:44:47","slug":"lahihoitajaopiskelija-suzan-rabah-tiesin-jo-lapsena-etta-haluan-tyoskennella-hoitoalalla","status":"publish","type":"post","link":"https:\/\/www.painotekniikka.com\/taitonews\/lehti2023\/lahihoitajaopiskelija-suzan-rabah-tiesin-jo-lapsena-etta-haluan-tyoskennella-hoitoalalla\/","title":{"rendered":"L\u00e4hihoitajaopiskelija Suzan Rabah: \u201dHaaveilin jo lapsena hoiva-alasta\u201d\u202f"},"content":{"rendered":"<p><img loading=\"lazy\" decoding=\"async\" class=\"alignright wp-image-1873\" src=\"https:\/\/www.painotekniikka.com\/taitonews\/wp-content\/uploads\/2023\/01\/SUZAN-RABAH-4-DSC_5279-2-122x300.jpg\" alt=\"\" width=\"350\" height=\"857\" srcset=\"https:\/\/www.painotekniikka.com\/taitonews\/wp-content\/uploads\/2023\/01\/SUZAN-RABAH-4-DSC_5279-2-122x300.jpg 122w, https:\/\/www.painotekniikka.com\/taitonews\/wp-content\/uploads\/2023\/01\/SUZAN-RABAH-4-DSC_5279-2-418x1024.jpg 418w, https:\/\/www.painotekniikka.com\/taitonews\/wp-content\/uploads\/2023\/01\/SUZAN-RABAH-4-DSC_5279-2-768x1882.jpg 768w, https:\/\/www.painotekniikka.com\/taitonews\/wp-content\/uploads\/2023\/01\/SUZAN-RABAH-4-DSC_5279-2-627x1536.jpg 627w, https:\/\/www.painotekniikka.com\/taitonews\/wp-content\/uploads\/2023\/01\/SUZAN-RABAH-4-DSC_5279-2-836x2048.jpg 836w, https:\/\/www.painotekniikka.com\/taitonews\/wp-content\/uploads\/2023\/01\/SUZAN-RABAH-4-DSC_5279-2-scaled.jpg 1045w\" sizes=\"auto, (max-width: 350px) 100vw, 350px\" \/>\u201dJo kotimaassani Etel\u00e4-Sudanissa hoitoala oli haaveenani, koska \u00e4itini toimi siell\u00e4 l\u00e4\u00e4k\u00e4rin\u00e4. Olen ihan pienest\u00e4 asti lukenut kotona h\u00e4nen kirjojaan ja tiennyt, ett\u00e4 haluan hoitajaksi. Opiskelin kotimaassa vain lukioon asti, siell\u00e4 koulu on maksullinen. Vanhempani olivat jo menehtyneet eik\u00e4 ollut ket\u00e4\u00e4n, joka olisi voinut maksaa koulun. Niin jouduin menem\u00e4\u00e4n naimisiin.<\/p>\n<p>Saavuin perheeni kanssa Kotkaan vuonna 2005, 27-vuotiaana. Minulla on nelj\u00e4 lasta. T\u00e4\u00e4ll\u00e4 on paljon mahdollisuuksia opiskella hoitoalalle, ja t\u00f6it\u00e4 on laajalti. Opiskelu kiinnosti minua heti.<\/p>\n<p>Olin ollut Suomessa vasta 11 kuukautta, kun p\u00e4\u00e4sin kokeilemaan l\u00e4hihoitajaopintoja, mutta suomen kieleni ei ollut viel\u00e4 tarpeeksi hyv\u00e4. Kolmannella viikolla menin juttelemaan opon kanssa ja sanoin, etten ymm\u00e4rr\u00e4 tunnilla mit\u00e4\u00e4n.<\/p>\n<p>Menin takaisin ty\u00f6voimatoimistoon, ja siell\u00e4 minulle ehdotettiin sairaala-apulaisen teht\u00e4vi\u00e4. Ajatuksena oli, ett\u00e4 opiskelun aikana ja ty\u00f6harjoittelupaikoissa suomen kieleni paranee. Laitoshuoltajaksi valmistumisen j\u00e4lkeen voisin hakea uudelleen l\u00e4hihoitajakoulutukseen.<\/p>\n<h4>Opiskelin ensin laitoshuoltajaksi<\/h4>\n<p>Menin opiskelemaan laitoshuoltajaksi sairaalapuolelle. Kun olin valmistumassa toukokuussa 2008, opettaja vei meid\u00e4t atk-luokkaan ja pyysi kaikkia laittamaan ty\u00f6hakemuksen. Kun tunti loppui ja olin ajamassa kotiin, minulle tuli puhelu, ett\u00e4 saisin ty\u00f6paikan Helsingist\u00e4. He pyysiv\u00e4t minut heti seuraavaksi aamuksi haastatteluun.<\/p>\n<p>Menin sitten t\u00f6ihin Naistenklinikalle Helsinkiin, sain sairaalan kautta ty\u00f6suhdeasunnon. Ty\u00f6skentelin siell\u00e4 nelj\u00e4 vuotta, kunnes vuonna 2012 muutin Turkuun.<\/p>\n<p>P\u00e4\u00e4sin TYKS:iin laitoshuoltajaksi; en j\u00e4\u00e4nyt odottamaan vastausta Kuntarekryst\u00e4, vaan p\u00e4\u00e4tin itse kiert\u00e4\u00e4 sairaalat ja menn\u00e4 hakemaan ty\u00f6paikkaa paikan p\u00e4\u00e4lle. Olin alkuaikoina ainoa tummaihoinen ty\u00f6ntekij\u00e4 TYKS:iss\u00e4. Siell\u00e4 ty\u00f6skentelin ensin SOL:in ja my\u00f6hemmin sairaalan palkkalistoilla.<\/p>\n<p>Olin t\u00f6iss\u00e4 synnytysvuodeosastolla; olen ty\u00f6skennellyt my\u00f6s synnytyssalissa, prenataali- ja naistentautien osastolla. Ne kaikki ovat hyvin kiireisi\u00e4 osastoja sek\u00e4 hoitajille ett\u00e4 laitoshuoltajille. Siell\u00e4 laitoshuoltajallakin pit\u00e4\u00e4 olla nelj\u00e4 silm\u00e4\u00e4. Koko ajan taka-ajatuksenani oli, ettei t\u00e4m\u00e4 ole minun paikkani, vaan haluan hoitoty\u00f6h\u00f6n.<\/p>\n<h4>P\u00e4\u00e4t\u00f6s opiskella l\u00e4hihoitajaksi kypsyy<\/h4>\n<p>Joulukuussa 2021 p\u00e4\u00e4tin, ett\u00e4 haluan hakea hoitoalalle juuri nyt. K\u00e4vin laittamassa hakemuksen oppisopimustoimistossa.\u202f Siell\u00e4 sanottiin, ett\u00e4 minun pit\u00e4\u00e4 etsi\u00e4 ty\u00f6paikka, ja aloin etsi\u00e4 sit\u00e4. Aluksi paikkaa oli vaikeaa saada. Kun soitat esimiehelle, eik\u00e4 h\u00e4n ole n\u00e4hnyt sinua eik\u00e4 h\u00e4nell\u00e4 ole sinusta tietoa, se on hankalaa. Usein en saanut esimiehi\u00e4 puhelimessa ollenkaan kiinni.<\/p>\n<p>Soitin oppisopimustoimistoon ja kysyin, onko kukaan esimies tarjonnut paikkaa oppisopimusopiskelijalle. He kertoivat, ett\u00e4 kotini l\u00e4hell\u00e4 Runosm\u00e4ess\u00e4 on t\u00e4ll\u00e4inen ty\u00f6paikka. Yll\u00e4tt\u00e4en paikka oli sama muistisairaille tarkoitettu Otso-koti, jossa TAIssa l\u00e4hihoitajaksi opiskellut Sabrin-tytt\u00e4reni on ollut t\u00f6iss\u00e4.<\/p>\n<p>Soitin heti hoivakodin johtajalle Ulla Korpelalle. H\u00e4n oli Lapissa lomalla ja juuri hiiht\u00e4m\u00e4ss\u00e4, kun sain h\u00e4net kiinni. Heill\u00e4 oli paikka oppisopimusopiskelijalle, ja niin tulin t\u00f6ihin t\u00e4nne. Tytt\u00e4reni opiskelee nyt sairaanhoitajaksi Helsingiss\u00e4.<\/p>\n<h4>Apua saa, kun pyyt\u00e4\u00e4<\/h4>\n<p>Puhun ja ymm\u00e4rr\u00e4n suomea, mutta lukeminen ja kirjoittaminen on hankalaa. Vastuuopettajani Tuija Suotunen ymm\u00e4rt\u00e4\u00e4 tilannettani ja yritt\u00e4\u00e4 aina auttaa eteenp\u00e4in ja j\u00e4rjest\u00e4\u00e4 asiat, my\u00f6s muut opettajat auttavat.<\/p>\n<p>Koulussa on tarjolla paja-koulutusta, ja siin\u00e4 erityisopettaja Niina Tunturilta olen saanut paljon tukea. K\u00e4yn paja-tunneilla yleens\u00e4 vapaap\u00e4ivin\u00e4. Jos et osaa tehd\u00e4 teht\u00e4v\u00e4\u00e4 tai et ole p\u00e4\u00e4ssyt kokeesta l\u00e4pi, siell\u00e4 tarjotaan apua.<\/p>\n<p>Ty\u00f6paikan henki Otso-kodissa on mukava. Kaikkea apua on tarjottu, enk\u00e4 tunne oloani yksin\u00e4iseksi tai ulkomaalaiseksi. He kannustavat minua k\u00e4ytt\u00e4m\u00e4\u00e4n suomen kielt\u00e4. Aina kun olen tarvinnut, olen saanut apua esimiehelt\u00e4ni, ty\u00f6kavereiltani ja kahdelta ty\u00f6paikkaohjaajiltani. Toivoin tiukkaa ohjaajaa, koska se kannustaa ja antaa vahvuutta, eik\u00e4 tule houkutusta luovuttaa.<\/p>\n<p>Jos opin suomen kielt\u00e4 hyvin, saatan opiskella viel\u00e4 sairaanhoitajaksi. Minulle ty\u00f6paikka on kuitenkin helpompi kuin koulu. Opin ty\u00f6paikalla enemm\u00e4n; maahanmuuttaja oppii tekem\u00e4ll\u00e4, sen olen ymm\u00e4rt\u00e4nyt itse. Kun teen asioita, osaan ja tied\u00e4n mit\u00e4 pit\u00e4\u00e4 tehd\u00e4.<\/p>\n<h4>Luota itseesi ja kokeile<\/h4>\n<blockquote><p>Haluan auttaa vanhuksia, se on minulle t\u00e4rke\u00e4\u00e4.<\/p><\/blockquote>\n<p>Ty\u00f6t\u00e4 riitt\u00e4\u00e4. Muistisairaiden asukkaiden kanssa menee mukavasti. Joskus harmittaa, kun on asukkaita, jotka eiv\u00e4t en\u00e4\u00e4 puhu. Pit\u00e4\u00e4 ymm\u00e4rt\u00e4\u00e4, ett\u00e4 sairaus aiheuttaa sen. H\u00e4n tarvitsee apua, ja minun teht\u00e4v\u00e4ni on tarjota sit\u00e4 h\u00e4nelle. Mietin, jos olisin itse h\u00e4nen tilanteessaan. Vaikka joku joskus k\u00e4ytt\u00e4ytyisi minua kohtaan aggressiivisesti, en ota sit\u00e4 itseeni, koska ymm\u00e4rr\u00e4n sit\u00e4 sairautta. T\u00e4ytyy luottaa itseens\u00e4 ja rakastaa ty\u00f6t\u00e4, jota tekee.<\/p>\n<p>Kannustankin kaikkia kokeilemaan: hakekaa l\u00e4hihoitajaopintoihin ja tulkaa t\u00f6ihin. Maahanmuuttaja tai ihan kuka tahansa, \u00e4l\u00e4 ole ilman t\u00f6it\u00e4, \u00e4l\u00e4 j\u00e4\u00e4 ulkopuolelle. \u00c4l\u00e4 ajattele, ettet osaa tai jaksa, vaan kokeile rohkeasti ensin ja p\u00e4\u00e4t\u00e4 vasta sen j\u00e4lkeen. Kyll\u00e4, koulu voi olla vaikeaa, tarvitaan motivaatiota. Meille tarjotaan koulussa monenlaista apua valmistuaksemme ammattiin. Saat kyll\u00e4 apua.<\/p>\n<p>Moni maahanmuuttaja on l\u00e4htenyt kotimaastaan, jossa on sotaa, n\u00e4lk\u00e4\u00e4 ja vaikka mit\u00e4. T\u00e4\u00e4ll\u00e4 meill\u00e4 ei ole iso\u00e4itej\u00e4 ei isoisi\u00e4. \u2019Tulkaa auttamaan suomalaisia vanhuksia, he ovat meid\u00e4n iso\u00e4itej\u00e4 ja isoisi\u00e4\u2019, sanon heille usein.\u201d<\/p>\n<p><em>TEKSTI JA KUVAT Lea Froloff<\/em><\/p>\n","protected":false},"excerpt":{"rendered":"<p>\u201dJo kotimaassani Etel\u00e4-Sudanissa hoitoala oli haaveenani, koska \u00e4itini toimi siell\u00e4 l\u00e4\u00e4k\u00e4rin\u00e4. Olen ihan pienest\u00e4 asti lukenut kotona h\u00e4nen kirjojaan ja tiennyt, ett\u00e4 haluan hoitajaksi. Opiskelin kotimaassa vain lukioon asti, siell\u00e4 koulu on maksullinen. Vanhempani olivat jo menehtyneet eik\u00e4 ollut ket\u00e4\u00e4n, joka olisi voinut maksaa koulun. Niin jouduin menem\u00e4\u00e4n naimisiin. Saavuin perheeni kanssa Kotkaan vuonna 2005, [&hellip;]<\/p>\n","protected":false},"author":8,"featured_media":1872,"comment_status":"open","ping_status":"open","sticky":false,"template":"","format":"standard","meta":{"_monsterinsights_skip_tracking":false,"_monsterinsights_sitenote_active":false,"_monsterinsights_sitenote_note":"","_monsterinsights_sitenote_category":0,"footnotes":""},"categories":[30,25],"tags":[67,128,63,45,65,127,44,57,43,110],"class_list":["post-1804","post","type-post","status-publish","format-standard","has-post-thumbnail","hentry","category-lehti2023","category-tyoelama","tag-alanvaihto","tag-henkilokohtaistaminen","tag-henkilokohtaisuus","tag-hoitajapula","tag-hoks","tag-lahihoitajaopinnot","tag-maahanmuuttaja","tag-oppisopimus","tag-sosiaali-ja-terveysala","tag-tukeminen"],"yoast_head":"<!-- This site is optimized with the Yoast SEO plugin v27.5 - https:\/\/yoast.com\/product\/yoast-seo-wordpress\/ -->\n<title>L\u00e4hihoitajaopiskelija Suzan Rabah: \u201dHaaveilin jo lapsena hoiva-alasta\u201d\u202f - TAITONEWS<\/title>\n<meta name=\"robots\" content=\"index, follow, max-snippet:-1, max-image-preview:large, max-video-preview:-1\" \/>\n<link rel=\"canonical\" href=\"https:\/\/www.painotekniikka.com\/taitonews\/lehti2023\/lahihoitajaopiskelija-suzan-rabah-tiesin-jo-lapsena-etta-haluan-tyoskennella-hoitoalalla\/\" \/>\n<meta property=\"og:locale\" content=\"fi_FI\" \/>\n<meta property=\"og:type\" content=\"article\" \/>\n<meta property=\"og:title\" content=\"L\u00e4hihoitajaopiskelija Suzan Rabah: \u201dHaaveilin jo lapsena hoiva-alasta\u201d\u202f - TAITONEWS\" \/>\n<meta property=\"og:description\" content=\"\u201dJo kotimaassani Etel\u00e4-Sudanissa hoitoala oli haaveenani, koska \u00e4itini toimi siell\u00e4 l\u00e4\u00e4k\u00e4rin\u00e4. Olen ihan pienest\u00e4 asti lukenut kotona h\u00e4nen kirjojaan ja tiennyt, ett\u00e4 haluan hoitajaksi. Opiskelin kotimaassa vain lukioon asti, siell\u00e4 koulu on maksullinen. Vanhempani olivat jo menehtyneet eik\u00e4 ollut ket\u00e4\u00e4n, joka olisi voinut maksaa koulun. Niin jouduin menem\u00e4\u00e4n naimisiin. Saavuin perheeni kanssa Kotkaan vuonna 2005, [&hellip;]\" \/>\n<meta property=\"og:url\" content=\"https:\/\/www.painotekniikka.com\/taitonews\/lehti2023\/lahihoitajaopiskelija-suzan-rabah-tiesin-jo-lapsena-etta-haluan-tyoskennella-hoitoalalla\/\" \/>\n<meta property=\"og:site_name\" content=\"TAITONEWS\" \/>\n<meta property=\"article:published_time\" content=\"2023-02-01T22:00:55+00:00\" \/>\n<meta property=\"article:modified_time\" content=\"2023-02-16T16:44:47+00:00\" \/>\n<meta property=\"og:image\" content=\"https:\/\/www.painotekniikka.com\/taitonews\/wp-content\/uploads\/2023\/01\/SUZAN-RABAH-2-DSC_7460_1-scaled-e1674038483504.jpg\" \/>\n\t<meta property=\"og:image:width\" content=\"960\" \/>\n\t<meta property=\"og:image:height\" content=\"640\" \/>\n\t<meta property=\"og:image:type\" content=\"image\/jpeg\" \/>\n<meta name=\"author\" content=\"admin7\" \/>\n<meta name=\"twitter:card\" content=\"summary_large_image\" \/>\n<meta name=\"twitter:label1\" content=\"Kirjoittanut\" \/>\n\t<meta name=\"twitter:data1\" content=\"admin7\" \/>\n\t<meta name=\"twitter:label2\" content=\"Arvioitu lukuaika\" \/>\n\t<meta name=\"twitter:data2\" content=\"5 minuuttia\" \/>\n<script type=\"application\/ld+json\" class=\"yoast-schema-graph\">{\"@context\":\"https:\\\/\\\/schema.org\",\"@graph\":[{\"@type\":\"Article\",\"@id\":\"https:\\\/\\\/www.painotekniikka.com\\\/taitonews\\\/lehti2023\\\/lahihoitajaopiskelija-suzan-rabah-tiesin-jo-lapsena-etta-haluan-tyoskennella-hoitoalalla\\\/#article\",\"isPartOf\":{\"@id\":\"https:\\\/\\\/www.painotekniikka.com\\\/taitonews\\\/lehti2023\\\/lahihoitajaopiskelija-suzan-rabah-tiesin-jo-lapsena-etta-haluan-tyoskennella-hoitoalalla\\\/\"},\"author\":{\"name\":\"admin7\",\"@id\":\"https:\\\/\\\/www.painotekniikka.com\\\/taitonews\\\/#\\\/schema\\\/person\\\/ae39f429a2d0ce56e6b538afba68b540\"},\"headline\":\"L\u00e4hihoitajaopiskelija Suzan Rabah: \u201dHaaveilin jo lapsena hoiva-alasta\u201d\u202f\",\"datePublished\":\"2023-02-01T22:00:55+00:00\",\"dateModified\":\"2023-02-16T16:44:47+00:00\",\"mainEntityOfPage\":{\"@id\":\"https:\\\/\\\/www.painotekniikka.com\\\/taitonews\\\/lehti2023\\\/lahihoitajaopiskelija-suzan-rabah-tiesin-jo-lapsena-etta-haluan-tyoskennella-hoitoalalla\\\/\"},\"wordCount\":809,\"commentCount\":0,\"image\":{\"@id\":\"https:\\\/\\\/www.painotekniikka.com\\\/taitonews\\\/lehti2023\\\/lahihoitajaopiskelija-suzan-rabah-tiesin-jo-lapsena-etta-haluan-tyoskennella-hoitoalalla\\\/#primaryimage\"},\"thumbnailUrl\":\"https:\\\/\\\/www.painotekniikka.com\\\/taitonews\\\/wp-content\\\/uploads\\\/2023\\\/01\\\/SUZAN-RABAH-2-DSC_7460_1-scaled-e1674038483504.jpg\",\"keywords\":[\"alanvaihto\",\"henkil\u00f6kohtaistaminen\",\"henkil\u00f6kohtaisuus\",\"hoitajapula\",\"HOKS\",\"l\u00e4hihoitajaopinnot\",\"maahanmuuttaja\",\"oppisopimus\",\"sosiaali- ja terveysala\",\"tukeminen\"],\"articleSection\":[\"Lehti2023\",\"Ty\u00f6el\u00e4m\u00e4\"],\"inLanguage\":\"fi\",\"potentialAction\":[{\"@type\":\"CommentAction\",\"name\":\"Comment\",\"target\":[\"https:\\\/\\\/www.painotekniikka.com\\\/taitonews\\\/lehti2023\\\/lahihoitajaopiskelija-suzan-rabah-tiesin-jo-lapsena-etta-haluan-tyoskennella-hoitoalalla\\\/#respond\"]}]},{\"@type\":\"WebPage\",\"@id\":\"https:\\\/\\\/www.painotekniikka.com\\\/taitonews\\\/lehti2023\\\/lahihoitajaopiskelija-suzan-rabah-tiesin-jo-lapsena-etta-haluan-tyoskennella-hoitoalalla\\\/\",\"url\":\"https:\\\/\\\/www.painotekniikka.com\\\/taitonews\\\/lehti2023\\\/lahihoitajaopiskelija-suzan-rabah-tiesin-jo-lapsena-etta-haluan-tyoskennella-hoitoalalla\\\/\",\"name\":\"L\u00e4hihoitajaopiskelija Suzan Rabah: \u201dHaaveilin jo lapsena hoiva-alasta\u201d\u202f - TAITONEWS\",\"isPartOf\":{\"@id\":\"https:\\\/\\\/www.painotekniikka.com\\\/taitonews\\\/#website\"},\"primaryImageOfPage\":{\"@id\":\"https:\\\/\\\/www.painotekniikka.com\\\/taitonews\\\/lehti2023\\\/lahihoitajaopiskelija-suzan-rabah-tiesin-jo-lapsena-etta-haluan-tyoskennella-hoitoalalla\\\/#primaryimage\"},\"image\":{\"@id\":\"https:\\\/\\\/www.painotekniikka.com\\\/taitonews\\\/lehti2023\\\/lahihoitajaopiskelija-suzan-rabah-tiesin-jo-lapsena-etta-haluan-tyoskennella-hoitoalalla\\\/#primaryimage\"},\"thumbnailUrl\":\"https:\\\/\\\/www.painotekniikka.com\\\/taitonews\\\/wp-content\\\/uploads\\\/2023\\\/01\\\/SUZAN-RABAH-2-DSC_7460_1-scaled-e1674038483504.jpg\",\"datePublished\":\"2023-02-01T22:00:55+00:00\",\"dateModified\":\"2023-02-16T16:44:47+00:00\",\"author\":{\"@id\":\"https:\\\/\\\/www.painotekniikka.com\\\/taitonews\\\/#\\\/schema\\\/person\\\/ae39f429a2d0ce56e6b538afba68b540\"},\"breadcrumb\":{\"@id\":\"https:\\\/\\\/www.painotekniikka.com\\\/taitonews\\\/lehti2023\\\/lahihoitajaopiskelija-suzan-rabah-tiesin-jo-lapsena-etta-haluan-tyoskennella-hoitoalalla\\\/#breadcrumb\"},\"inLanguage\":\"fi\",\"potentialAction\":[{\"@type\":\"ReadAction\",\"target\":[\"https:\\\/\\\/www.painotekniikka.com\\\/taitonews\\\/lehti2023\\\/lahihoitajaopiskelija-suzan-rabah-tiesin-jo-lapsena-etta-haluan-tyoskennella-hoitoalalla\\\/\"]}]},{\"@type\":\"ImageObject\",\"inLanguage\":\"fi\",\"@id\":\"https:\\\/\\\/www.painotekniikka.com\\\/taitonews\\\/lehti2023\\\/lahihoitajaopiskelija-suzan-rabah-tiesin-jo-lapsena-etta-haluan-tyoskennella-hoitoalalla\\\/#primaryimage\",\"url\":\"https:\\\/\\\/www.painotekniikka.com\\\/taitonews\\\/wp-content\\\/uploads\\\/2023\\\/01\\\/SUZAN-RABAH-2-DSC_7460_1-scaled-e1674038483504.jpg\",\"contentUrl\":\"https:\\\/\\\/www.painotekniikka.com\\\/taitonews\\\/wp-content\\\/uploads\\\/2023\\\/01\\\/SUZAN-RABAH-2-DSC_7460_1-scaled-e1674038483504.jpg\",\"width\":960,\"height\":640},{\"@type\":\"BreadcrumbList\",\"@id\":\"https:\\\/\\\/www.painotekniikka.com\\\/taitonews\\\/lehti2023\\\/lahihoitajaopiskelija-suzan-rabah-tiesin-jo-lapsena-etta-haluan-tyoskennella-hoitoalalla\\\/#breadcrumb\",\"itemListElement\":[{\"@type\":\"ListItem\",\"position\":1,\"name\":\"Etusivu\",\"item\":\"https:\\\/\\\/www.painotekniikka.com\\\/taitonews\\\/\"},{\"@type\":\"ListItem\",\"position\":2,\"name\":\"L\u00e4hihoitajaopiskelija Suzan Rabah: \u201dHaaveilin jo lapsena hoiva-alasta\u201d\u202f\"}]},{\"@type\":\"WebSite\",\"@id\":\"https:\\\/\\\/www.painotekniikka.com\\\/taitonews\\\/#website\",\"url\":\"https:\\\/\\\/www.painotekniikka.com\\\/taitonews\\\/\",\"name\":\"TAITONEWS\",\"description\":\"Ammatillisen koulutuksen arkea TAIn koulutaloissa ja yhteisyrityksiss&auml;.\",\"potentialAction\":[{\"@type\":\"SearchAction\",\"target\":{\"@type\":\"EntryPoint\",\"urlTemplate\":\"https:\\\/\\\/www.painotekniikka.com\\\/taitonews\\\/?s={search_term_string}\"},\"query-input\":{\"@type\":\"PropertyValueSpecification\",\"valueRequired\":true,\"valueName\":\"search_term_string\"}}],\"inLanguage\":\"fi\"},{\"@type\":\"Person\",\"@id\":\"https:\\\/\\\/www.painotekniikka.com\\\/taitonews\\\/#\\\/schema\\\/person\\\/ae39f429a2d0ce56e6b538afba68b540\",\"name\":\"admin7\",\"image\":{\"@type\":\"ImageObject\",\"inLanguage\":\"fi\",\"@id\":\"https:\\\/\\\/secure.gravatar.com\\\/avatar\\\/e804374ed3a659718dedaec5beac2a0c53e5567cfb3b75dc890b95a75fd4040a?s=96&d=mm&r=g\",\"url\":\"https:\\\/\\\/secure.gravatar.com\\\/avatar\\\/e804374ed3a659718dedaec5beac2a0c53e5567cfb3b75dc890b95a75fd4040a?s=96&d=mm&r=g\",\"contentUrl\":\"https:\\\/\\\/secure.gravatar.com\\\/avatar\\\/e804374ed3a659718dedaec5beac2a0c53e5567cfb3b75dc890b95a75fd4040a?s=96&d=mm&r=g\",\"caption\":\"admin7\"},\"url\":\"https:\\\/\\\/www.painotekniikka.com\\\/taitonews\\\/author\\\/admin7\\\/\"}]}<\/script>\n<!-- \/ Yoast SEO plugin. -->","yoast_head_json":{"title":"L\u00e4hihoitajaopiskelija Suzan Rabah: \u201dHaaveilin jo lapsena hoiva-alasta\u201d\u202f - TAITONEWS","robots":{"index":"index","follow":"follow","max-snippet":"max-snippet:-1","max-image-preview":"max-image-preview:large","max-video-preview":"max-video-preview:-1"},"canonical":"https:\/\/www.painotekniikka.com\/taitonews\/lehti2023\/lahihoitajaopiskelija-suzan-rabah-tiesin-jo-lapsena-etta-haluan-tyoskennella-hoitoalalla\/","og_locale":"fi_FI","og_type":"article","og_title":"L\u00e4hihoitajaopiskelija Suzan Rabah: \u201dHaaveilin jo lapsena hoiva-alasta\u201d\u202f - TAITONEWS","og_description":"\u201dJo kotimaassani Etel\u00e4-Sudanissa hoitoala oli haaveenani, koska \u00e4itini toimi siell\u00e4 l\u00e4\u00e4k\u00e4rin\u00e4. Olen ihan pienest\u00e4 asti lukenut kotona h\u00e4nen kirjojaan ja tiennyt, ett\u00e4 haluan hoitajaksi. Opiskelin kotimaassa vain lukioon asti, siell\u00e4 koulu on maksullinen. Vanhempani olivat jo menehtyneet eik\u00e4 ollut ket\u00e4\u00e4n, joka olisi voinut maksaa koulun. Niin jouduin menem\u00e4\u00e4n naimisiin. Saavuin perheeni kanssa Kotkaan vuonna 2005, [&hellip;]","og_url":"https:\/\/www.painotekniikka.com\/taitonews\/lehti2023\/lahihoitajaopiskelija-suzan-rabah-tiesin-jo-lapsena-etta-haluan-tyoskennella-hoitoalalla\/","og_site_name":"TAITONEWS","article_published_time":"2023-02-01T22:00:55+00:00","article_modified_time":"2023-02-16T16:44:47+00:00","og_image":[{"width":960,"height":640,"url":"https:\/\/www.painotekniikka.com\/taitonews\/wp-content\/uploads\/2023\/01\/SUZAN-RABAH-2-DSC_7460_1-scaled-e1674038483504.jpg","type":"image\/jpeg"}],"author":"admin7","twitter_card":"summary_large_image","twitter_misc":{"Kirjoittanut":"admin7","Arvioitu lukuaika":"5 minuuttia"},"schema":{"@context":"https:\/\/schema.org","@graph":[{"@type":"Article","@id":"https:\/\/www.painotekniikka.com\/taitonews\/lehti2023\/lahihoitajaopiskelija-suzan-rabah-tiesin-jo-lapsena-etta-haluan-tyoskennella-hoitoalalla\/#article","isPartOf":{"@id":"https:\/\/www.painotekniikka.com\/taitonews\/lehti2023\/lahihoitajaopiskelija-suzan-rabah-tiesin-jo-lapsena-etta-haluan-tyoskennella-hoitoalalla\/"},"author":{"name":"admin7","@id":"https:\/\/www.painotekniikka.com\/taitonews\/#\/schema\/person\/ae39f429a2d0ce56e6b538afba68b540"},"headline":"L\u00e4hihoitajaopiskelija Suzan Rabah: \u201dHaaveilin jo lapsena hoiva-alasta\u201d\u202f","datePublished":"2023-02-01T22:00:55+00:00","dateModified":"2023-02-16T16:44:47+00:00","mainEntityOfPage":{"@id":"https:\/\/www.painotekniikka.com\/taitonews\/lehti2023\/lahihoitajaopiskelija-suzan-rabah-tiesin-jo-lapsena-etta-haluan-tyoskennella-hoitoalalla\/"},"wordCount":809,"commentCount":0,"image":{"@id":"https:\/\/www.painotekniikka.com\/taitonews\/lehti2023\/lahihoitajaopiskelija-suzan-rabah-tiesin-jo-lapsena-etta-haluan-tyoskennella-hoitoalalla\/#primaryimage"},"thumbnailUrl":"https:\/\/www.painotekniikka.com\/taitonews\/wp-content\/uploads\/2023\/01\/SUZAN-RABAH-2-DSC_7460_1-scaled-e1674038483504.jpg","keywords":["alanvaihto","henkil\u00f6kohtaistaminen","henkil\u00f6kohtaisuus","hoitajapula","HOKS","l\u00e4hihoitajaopinnot","maahanmuuttaja","oppisopimus","sosiaali- ja terveysala","tukeminen"],"articleSection":["Lehti2023","Ty\u00f6el\u00e4m\u00e4"],"inLanguage":"fi","potentialAction":[{"@type":"CommentAction","name":"Comment","target":["https:\/\/www.painotekniikka.com\/taitonews\/lehti2023\/lahihoitajaopiskelija-suzan-rabah-tiesin-jo-lapsena-etta-haluan-tyoskennella-hoitoalalla\/#respond"]}]},{"@type":"WebPage","@id":"https:\/\/www.painotekniikka.com\/taitonews\/lehti2023\/lahihoitajaopiskelija-suzan-rabah-tiesin-jo-lapsena-etta-haluan-tyoskennella-hoitoalalla\/","url":"https:\/\/www.painotekniikka.com\/taitonews\/lehti2023\/lahihoitajaopiskelija-suzan-rabah-tiesin-jo-lapsena-etta-haluan-tyoskennella-hoitoalalla\/","name":"L\u00e4hihoitajaopiskelija Suzan Rabah: \u201dHaaveilin jo lapsena hoiva-alasta\u201d\u202f - TAITONEWS","isPartOf":{"@id":"https:\/\/www.painotekniikka.com\/taitonews\/#website"},"primaryImageOfPage":{"@id":"https:\/\/www.painotekniikka.com\/taitonews\/lehti2023\/lahihoitajaopiskelija-suzan-rabah-tiesin-jo-lapsena-etta-haluan-tyoskennella-hoitoalalla\/#primaryimage"},"image":{"@id":"https:\/\/www.painotekniikka.com\/taitonews\/lehti2023\/lahihoitajaopiskelija-suzan-rabah-tiesin-jo-lapsena-etta-haluan-tyoskennella-hoitoalalla\/#primaryimage"},"thumbnailUrl":"https:\/\/www.painotekniikka.com\/taitonews\/wp-content\/uploads\/2023\/01\/SUZAN-RABAH-2-DSC_7460_1-scaled-e1674038483504.jpg","datePublished":"2023-02-01T22:00:55+00:00","dateModified":"2023-02-16T16:44:47+00:00","author":{"@id":"https:\/\/www.painotekniikka.com\/taitonews\/#\/schema\/person\/ae39f429a2d0ce56e6b538afba68b540"},"breadcrumb":{"@id":"https:\/\/www.painotekniikka.com\/taitonews\/lehti2023\/lahihoitajaopiskelija-suzan-rabah-tiesin-jo-lapsena-etta-haluan-tyoskennella-hoitoalalla\/#breadcrumb"},"inLanguage":"fi","potentialAction":[{"@type":"ReadAction","target":["https:\/\/www.painotekniikka.com\/taitonews\/lehti2023\/lahihoitajaopiskelija-suzan-rabah-tiesin-jo-lapsena-etta-haluan-tyoskennella-hoitoalalla\/"]}]},{"@type":"ImageObject","inLanguage":"fi","@id":"https:\/\/www.painotekniikka.com\/taitonews\/lehti2023\/lahihoitajaopiskelija-suzan-rabah-tiesin-jo-lapsena-etta-haluan-tyoskennella-hoitoalalla\/#primaryimage","url":"https:\/\/www.painotekniikka.com\/taitonews\/wp-content\/uploads\/2023\/01\/SUZAN-RABAH-2-DSC_7460_1-scaled-e1674038483504.jpg","contentUrl":"https:\/\/www.painotekniikka.com\/taitonews\/wp-content\/uploads\/2023\/01\/SUZAN-RABAH-2-DSC_7460_1-scaled-e1674038483504.jpg","width":960,"height":640},{"@type":"BreadcrumbList","@id":"https:\/\/www.painotekniikka.com\/taitonews\/lehti2023\/lahihoitajaopiskelija-suzan-rabah-tiesin-jo-lapsena-etta-haluan-tyoskennella-hoitoalalla\/#breadcrumb","itemListElement":[{"@type":"ListItem","position":1,"name":"Etusivu","item":"https:\/\/www.painotekniikka.com\/taitonews\/"},{"@type":"ListItem","position":2,"name":"L\u00e4hihoitajaopiskelija Suzan Rabah: \u201dHaaveilin jo lapsena hoiva-alasta\u201d\u202f"}]},{"@type":"WebSite","@id":"https:\/\/www.painotekniikka.com\/taitonews\/#website","url":"https:\/\/www.painotekniikka.com\/taitonews\/","name":"TAITONEWS","description":"Ammatillisen koulutuksen arkea TAIn koulutaloissa ja yhteisyrityksiss&auml;.","potentialAction":[{"@type":"SearchAction","target":{"@type":"EntryPoint","urlTemplate":"https:\/\/www.painotekniikka.com\/taitonews\/?s={search_term_string}"},"query-input":{"@type":"PropertyValueSpecification","valueRequired":true,"valueName":"search_term_string"}}],"inLanguage":"fi"},{"@type":"Person","@id":"https:\/\/www.painotekniikka.com\/taitonews\/#\/schema\/person\/ae39f429a2d0ce56e6b538afba68b540","name":"admin7","image":{"@type":"ImageObject","inLanguage":"fi","@id":"https:\/\/secure.gravatar.com\/avatar\/e804374ed3a659718dedaec5beac2a0c53e5567cfb3b75dc890b95a75fd4040a?s=96&d=mm&r=g","url":"https:\/\/secure.gravatar.com\/avatar\/e804374ed3a659718dedaec5beac2a0c53e5567cfb3b75dc890b95a75fd4040a?s=96&d=mm&r=g","contentUrl":"https:\/\/secure.gravatar.com\/avatar\/e804374ed3a659718dedaec5beac2a0c53e5567cfb3b75dc890b95a75fd4040a?s=96&d=mm&r=g","caption":"admin7"},"url":"https:\/\/www.painotekniikka.com\/taitonews\/author\/admin7\/"}]}},"_links":{"self":[{"href":"https:\/\/www.painotekniikka.com\/taitonews\/wp-json\/wp\/v2\/posts\/1804","targetHints":{"allow":["GET"]}}],"collection":[{"href":"https:\/\/www.painotekniikka.com\/taitonews\/wp-json\/wp\/v2\/posts"}],"about":[{"href":"https:\/\/www.painotekniikka.com\/taitonews\/wp-json\/wp\/v2\/types\/post"}],"author":[{"embeddable":true,"href":"https:\/\/www.painotekniikka.com\/taitonews\/wp-json\/wp\/v2\/users\/8"}],"replies":[{"embeddable":true,"href":"https:\/\/www.painotekniikka.com\/taitonews\/wp-json\/wp\/v2\/comments?post=1804"}],"version-history":[{"count":15,"href":"https:\/\/www.painotekniikka.com\/taitonews\/wp-json\/wp\/v2\/posts\/1804\/revisions"}],"predecessor-version":[{"id":2166,"href":"https:\/\/www.painotekniikka.com\/taitonews\/wp-json\/wp\/v2\/posts\/1804\/revisions\/2166"}],"wp:featuredmedia":[{"embeddable":true,"href":"https:\/\/www.painotekniikka.com\/taitonews\/wp-json\/wp\/v2\/media\/1872"}],"wp:attachment":[{"href":"https:\/\/www.painotekniikka.com\/taitonews\/wp-json\/wp\/v2\/media?parent=1804"}],"wp:term":[{"taxonomy":"category","embeddable":true,"href":"https:\/\/www.painotekniikka.com\/taitonews\/wp-json\/wp\/v2\/categories?post=1804"},{"taxonomy":"post_tag","embeddable":true,"href":"https:\/\/www.painotekniikka.com\/taitonews\/wp-json\/wp\/v2\/tags?post=1804"}],"curies":[{"name":"wp","href":"https:\/\/api.w.org\/{rel}","templated":true}]}}