{"id":1792,"date":"2023-02-02T00:00:18","date_gmt":"2023-02-01T22:00:18","guid":{"rendered":"https:\/\/www.painotekniikka.com\/taitonews\/?p=1792"},"modified":"2023-02-02T07:06:08","modified_gmt":"2023-02-02T05:06:08","slug":"ict-vaylaopinnot-kohti-ammattikorkeakoulua","status":"publish","type":"post","link":"https:\/\/www.painotekniikka.com\/taitonews\/lehti2023\/ict-vaylaopinnot-kohti-ammattikorkeakoulua\/","title":{"rendered":"ICT-V\u00c4YL\u00c4OPINNOT KOHTI AMMATTIKORKEAKOULUA"},"content":{"rendered":"<p><em>Turun ammatti-instituutin tieto- ja viestint\u00e4tekniikan perustutkintokoulutuksessa on my\u00f6s mahdollista suorittaa ammattikorkeakoulukursseja, jotka mahdollisissa jatko-opinnoissa hyv\u00e4ksyt\u00e4\u00e4n AMK-opinnoiksi sellaisenaan.<\/em><\/p>\n<p>Ohjelmoinnin suuntautumisalakseen valinneet opiskelijat voivat suorittaa perusopintoihin kuuluvina seuraavat AMK:n kurssit: ohjelmoinnin perusteet, tietokannat, selainohjelmointi sek\u00e4 ohjelmointiprojekti. Jos opiskelija on halukas jatko-opintoihin AMK:ssa, ei n\u00e4it\u00e4 jo TAIssa suoritettuja opintoja tarvitse siell\u00e4 en\u00e4\u00e4 uudelleen suorittaa.<\/p>\n<p>TAIssa on kuluvan syksyn aikana j\u00e4rjestetty opiskelijoille erilaisia infotilaisuuksia v\u00e4yl\u00e4opinnoista. Pyrimme kannustamaan opiskelijoitamme my\u00f6s jatko-opintoihin ja huolehtimaan, ett\u00e4 tietoa t\u00e4st\u00e4 mahdollisuudesta on riitt\u00e4v\u00e4sti kaikkien saatavilla.<\/p>\n<p>Mainittujen AMK-kurssisis\u00e4lt\u00f6jen sovittaminen osaksi tieto- ja viestint\u00e4tekniikan perusopintoja mahdollistaa sen, ett\u00e4 opiskelijan ei tarvitse heti opintojen alkaessa viel\u00e4 tiet\u00e4\u00e4 aikooko h\u00e4n jatkaa opiskelua AMK:ssa vai ei. Riitt\u00e4\u00e4, ett\u00e4 opiskelija suorittaa mainitut kurssit mallikkaasti. Kaikki ohjelmoinnin suuntautumisalakseen valinneet opiskelijat siis suorittavat samat kurssit riippumatta halukkuudesta jatko-opintoihin.<\/p>\n<p>Tieto- ja viestint\u00e4tekniikan koulutuksessa olemme t\u00e4n\u00e4 vuonna my\u00f6s kokeilleet uutta mallia, jossa kolmannen vuoden opiskelijat viimeistelev\u00e4t opintonsa AMK:n kampuksella. Kokeilusta on tullut hyv\u00e4\u00e4 palautetta niin opiskelijoilta kuin opettajiltakin. Kokeilussa TAIn opettajat ja opiskelijat ty\u00f6skentelev\u00e4t yhdess\u00e4 ammattikorkeakoulun tiloissa erilaisten ohjelmistoprojektien kimpussa. Kokeilu on mahdollistanut sen, ett\u00e4 tieto- ja viestint\u00e4tekniikan opiskelijat ovat opintojen lomassa voineet samalla tutustua Turun AMK:n kampuksen hienoihin tiloihin ja laitteisiin.<\/p>\n<p>Tieto- ja viestint\u00e4tekniikan koulutuksessa pyrimme aktiivisesti koko ajan kehitt\u00e4m\u00e4\u00e4n yhteisty\u00f6t\u00e4 ammattikorkeakoulun kanssa. Tekem\u00e4ll\u00e4 oppii -metodilla opiskelijamme saavat meilt\u00e4 TAIstakin jo hyv\u00e4t ev\u00e4\u00e4t mahdollisiin jatko-opintoihin.<\/p>\n<p>Pienikin m\u00e4\u00e4r\u00e4 yhteisi\u00e4 opintoja ammattikorkeakoulun kanssa voi toimia hyv\u00e4n\u00e4 porkkanana. Se n\u00e4ytt\u00e4\u00e4 opiskelijalle, millaista opiskelu on ammattikorkeakoulutasolla sek\u00e4 samalla rohkaisee jatkamaan opiskelua ammatillisen perustutkinnon j\u00e4lkeenkin.<\/p>\n<p><strong>Tavoitteita on hyv\u00e4 olla.<\/strong><\/p>\n<p><em>Kirjoittaja on Tieto-ja viestint\u00e4tekniikan koulutuksen tiimivastaava.<\/em><\/p>\n<p><em>TEKSTI Marko Kairinen<\/em><br \/>\n<em>ARTIKKELIKUVA Niko Virolainen<\/em><\/p>\n","protected":false},"excerpt":{"rendered":"<p>Turun ammatti-instituutin tieto- ja viestint\u00e4tekniikan perustutkintokoulutuksessa on my\u00f6s mahdollista suorittaa ammattikorkeakoulukursseja, jotka mahdollisissa jatko-opinnoissa hyv\u00e4ksyt\u00e4\u00e4n AMK-opinnoiksi sellaisenaan. Ohjelmoinnin suuntautumisalakseen valinneet opiskelijat voivat suorittaa perusopintoihin kuuluvina seuraavat AMK:n kurssit: ohjelmoinnin perusteet, tietokannat, selainohjelmointi sek\u00e4 ohjelmointiprojekti. Jos opiskelija on halukas jatko-opintoihin AMK:ssa, ei n\u00e4it\u00e4 jo TAIssa suoritettuja opintoja tarvitse siell\u00e4 en\u00e4\u00e4 uudelleen suorittaa. TAIssa on kuluvan syksyn [&hellip;]<\/p>\n","protected":false},"author":8,"featured_media":2022,"comment_status":"open","ping_status":"open","sticky":false,"template":"","format":"standard","meta":{"_monsterinsights_skip_tracking":false,"_monsterinsights_sitenote_active":false,"_monsterinsights_sitenote_note":"","_monsterinsights_sitenote_category":0,"footnotes":""},"categories":[30,72],"tags":[94,123,47,126,83,125,61,124,39],"class_list":["post-1792","post","type-post","status-publish","format-standard","has-post-thumbnail","hentry","category-lehti2023","category-tutkinnot","tag-ammattikorkeakoulu","tag-ict-ala","tag-jatko-opinnot","tag-perusopinnot","tag-perustutkinto","tag-tieto-ja-viestintatekniikka","tag-uudistus","tag-vaylaopinnot","tag-yhteistyo"],"yoast_head":"<!-- This site is optimized with the Yoast SEO plugin v27.5 - https:\/\/yoast.com\/product\/yoast-seo-wordpress\/ -->\n<title>ICT-V\u00c4YL\u00c4OPINNOT KOHTI AMMATTIKORKEAKOULUA - TAITONEWS<\/title>\n<meta name=\"robots\" content=\"index, follow, max-snippet:-1, max-image-preview:large, max-video-preview:-1\" \/>\n<link rel=\"canonical\" href=\"https:\/\/www.painotekniikka.com\/taitonews\/lehti2023\/ict-vaylaopinnot-kohti-ammattikorkeakoulua\/\" \/>\n<meta property=\"og:locale\" content=\"fi_FI\" \/>\n<meta property=\"og:type\" content=\"article\" \/>\n<meta property=\"og:title\" content=\"ICT-V\u00c4YL\u00c4OPINNOT KOHTI AMMATTIKORKEAKOULUA - TAITONEWS\" \/>\n<meta property=\"og:description\" content=\"Turun ammatti-instituutin tieto- ja viestint\u00e4tekniikan perustutkintokoulutuksessa on my\u00f6s mahdollista suorittaa ammattikorkeakoulukursseja, jotka mahdollisissa jatko-opinnoissa hyv\u00e4ksyt\u00e4\u00e4n AMK-opinnoiksi sellaisenaan. Ohjelmoinnin suuntautumisalakseen valinneet opiskelijat voivat suorittaa perusopintoihin kuuluvina seuraavat AMK:n kurssit: ohjelmoinnin perusteet, tietokannat, selainohjelmointi sek\u00e4 ohjelmointiprojekti. Jos opiskelija on halukas jatko-opintoihin AMK:ssa, ei n\u00e4it\u00e4 jo TAIssa suoritettuja opintoja tarvitse siell\u00e4 en\u00e4\u00e4 uudelleen suorittaa. TAIssa on kuluvan syksyn [&hellip;]\" \/>\n<meta property=\"og:url\" content=\"https:\/\/www.painotekniikka.com\/taitonews\/lehti2023\/ict-vaylaopinnot-kohti-ammattikorkeakoulua\/\" \/>\n<meta property=\"og:site_name\" content=\"TAITONEWS\" \/>\n<meta property=\"article:published_time\" content=\"2023-02-01T22:00:18+00:00\" \/>\n<meta property=\"article:modified_time\" content=\"2023-02-02T05:06:08+00:00\" \/>\n<meta property=\"og:image\" content=\"https:\/\/www.painotekniikka.com\/taitonews\/wp-content\/uploads\/2023\/02\/ictvayla.png\" \/>\n\t<meta property=\"og:image:width\" content=\"1500\" \/>\n\t<meta property=\"og:image:height\" content=\"1500\" \/>\n\t<meta property=\"og:image:type\" content=\"image\/png\" \/>\n<meta name=\"author\" content=\"admin7\" \/>\n<meta name=\"twitter:card\" content=\"summary_large_image\" \/>\n<meta name=\"twitter:label1\" content=\"Kirjoittanut\" \/>\n\t<meta name=\"twitter:data1\" content=\"admin7\" \/>\n\t<meta name=\"twitter:label2\" content=\"Arvioitu lukuaika\" \/>\n\t<meta name=\"twitter:data2\" content=\"2 minuuttia\" \/>\n<script type=\"application\/ld+json\" class=\"yoast-schema-graph\">{\"@context\":\"https:\\\/\\\/schema.org\",\"@graph\":[{\"@type\":\"Article\",\"@id\":\"https:\\\/\\\/www.painotekniikka.com\\\/taitonews\\\/lehti2023\\\/ict-vaylaopinnot-kohti-ammattikorkeakoulua\\\/#article\",\"isPartOf\":{\"@id\":\"https:\\\/\\\/www.painotekniikka.com\\\/taitonews\\\/lehti2023\\\/ict-vaylaopinnot-kohti-ammattikorkeakoulua\\\/\"},\"author\":{\"name\":\"admin7\",\"@id\":\"https:\\\/\\\/www.painotekniikka.com\\\/taitonews\\\/#\\\/schema\\\/person\\\/ae39f429a2d0ce56e6b538afba68b540\"},\"headline\":\"ICT-V\u00c4YL\u00c4OPINNOT KOHTI AMMATTIKORKEAKOULUA\",\"datePublished\":\"2023-02-01T22:00:18+00:00\",\"dateModified\":\"2023-02-02T05:06:08+00:00\",\"mainEntityOfPage\":{\"@id\":\"https:\\\/\\\/www.painotekniikka.com\\\/taitonews\\\/lehti2023\\\/ict-vaylaopinnot-kohti-ammattikorkeakoulua\\\/\"},\"wordCount\":293,\"commentCount\":0,\"image\":{\"@id\":\"https:\\\/\\\/www.painotekniikka.com\\\/taitonews\\\/lehti2023\\\/ict-vaylaopinnot-kohti-ammattikorkeakoulua\\\/#primaryimage\"},\"thumbnailUrl\":\"https:\\\/\\\/www.painotekniikka.com\\\/taitonews\\\/wp-content\\\/uploads\\\/2023\\\/02\\\/ictvayla.png\",\"keywords\":[\"ammattikorkeakoulu\",\"ICT-ala\",\"Jatko-opinnot\",\"perusopinnot\",\"perustutkinto\",\"tieto- ja viestint\u00e4tekniikka\",\"uudistus\",\"v\u00e4yl\u00e4opinnot\",\"Yhteisty\u00f6\"],\"articleSection\":[\"Lehti2023\",\"Tutkinnot\"],\"inLanguage\":\"fi\",\"potentialAction\":[{\"@type\":\"CommentAction\",\"name\":\"Comment\",\"target\":[\"https:\\\/\\\/www.painotekniikka.com\\\/taitonews\\\/lehti2023\\\/ict-vaylaopinnot-kohti-ammattikorkeakoulua\\\/#respond\"]}]},{\"@type\":\"WebPage\",\"@id\":\"https:\\\/\\\/www.painotekniikka.com\\\/taitonews\\\/lehti2023\\\/ict-vaylaopinnot-kohti-ammattikorkeakoulua\\\/\",\"url\":\"https:\\\/\\\/www.painotekniikka.com\\\/taitonews\\\/lehti2023\\\/ict-vaylaopinnot-kohti-ammattikorkeakoulua\\\/\",\"name\":\"ICT-V\u00c4YL\u00c4OPINNOT KOHTI AMMATTIKORKEAKOULUA - TAITONEWS\",\"isPartOf\":{\"@id\":\"https:\\\/\\\/www.painotekniikka.com\\\/taitonews\\\/#website\"},\"primaryImageOfPage\":{\"@id\":\"https:\\\/\\\/www.painotekniikka.com\\\/taitonews\\\/lehti2023\\\/ict-vaylaopinnot-kohti-ammattikorkeakoulua\\\/#primaryimage\"},\"image\":{\"@id\":\"https:\\\/\\\/www.painotekniikka.com\\\/taitonews\\\/lehti2023\\\/ict-vaylaopinnot-kohti-ammattikorkeakoulua\\\/#primaryimage\"},\"thumbnailUrl\":\"https:\\\/\\\/www.painotekniikka.com\\\/taitonews\\\/wp-content\\\/uploads\\\/2023\\\/02\\\/ictvayla.png\",\"datePublished\":\"2023-02-01T22:00:18+00:00\",\"dateModified\":\"2023-02-02T05:06:08+00:00\",\"author\":{\"@id\":\"https:\\\/\\\/www.painotekniikka.com\\\/taitonews\\\/#\\\/schema\\\/person\\\/ae39f429a2d0ce56e6b538afba68b540\"},\"breadcrumb\":{\"@id\":\"https:\\\/\\\/www.painotekniikka.com\\\/taitonews\\\/lehti2023\\\/ict-vaylaopinnot-kohti-ammattikorkeakoulua\\\/#breadcrumb\"},\"inLanguage\":\"fi\",\"potentialAction\":[{\"@type\":\"ReadAction\",\"target\":[\"https:\\\/\\\/www.painotekniikka.com\\\/taitonews\\\/lehti2023\\\/ict-vaylaopinnot-kohti-ammattikorkeakoulua\\\/\"]}]},{\"@type\":\"ImageObject\",\"inLanguage\":\"fi\",\"@id\":\"https:\\\/\\\/www.painotekniikka.com\\\/taitonews\\\/lehti2023\\\/ict-vaylaopinnot-kohti-ammattikorkeakoulua\\\/#primaryimage\",\"url\":\"https:\\\/\\\/www.painotekniikka.com\\\/taitonews\\\/wp-content\\\/uploads\\\/2023\\\/02\\\/ictvayla.png\",\"contentUrl\":\"https:\\\/\\\/www.painotekniikka.com\\\/taitonews\\\/wp-content\\\/uploads\\\/2023\\\/02\\\/ictvayla.png\",\"width\":1500,\"height\":1500},{\"@type\":\"BreadcrumbList\",\"@id\":\"https:\\\/\\\/www.painotekniikka.com\\\/taitonews\\\/lehti2023\\\/ict-vaylaopinnot-kohti-ammattikorkeakoulua\\\/#breadcrumb\",\"itemListElement\":[{\"@type\":\"ListItem\",\"position\":1,\"name\":\"Etusivu\",\"item\":\"https:\\\/\\\/www.painotekniikka.com\\\/taitonews\\\/\"},{\"@type\":\"ListItem\",\"position\":2,\"name\":\"ICT-V\u00c4YL\u00c4OPINNOT KOHTI AMMATTIKORKEAKOULUA\"}]},{\"@type\":\"WebSite\",\"@id\":\"https:\\\/\\\/www.painotekniikka.com\\\/taitonews\\\/#website\",\"url\":\"https:\\\/\\\/www.painotekniikka.com\\\/taitonews\\\/\",\"name\":\"TAITONEWS\",\"description\":\"Ammatillisen koulutuksen arkea TAIn koulutaloissa ja yhteisyrityksiss&auml;.\",\"potentialAction\":[{\"@type\":\"SearchAction\",\"target\":{\"@type\":\"EntryPoint\",\"urlTemplate\":\"https:\\\/\\\/www.painotekniikka.com\\\/taitonews\\\/?s={search_term_string}\"},\"query-input\":{\"@type\":\"PropertyValueSpecification\",\"valueRequired\":true,\"valueName\":\"search_term_string\"}}],\"inLanguage\":\"fi\"},{\"@type\":\"Person\",\"@id\":\"https:\\\/\\\/www.painotekniikka.com\\\/taitonews\\\/#\\\/schema\\\/person\\\/ae39f429a2d0ce56e6b538afba68b540\",\"name\":\"admin7\",\"image\":{\"@type\":\"ImageObject\",\"inLanguage\":\"fi\",\"@id\":\"https:\\\/\\\/secure.gravatar.com\\\/avatar\\\/e804374ed3a659718dedaec5beac2a0c53e5567cfb3b75dc890b95a75fd4040a?s=96&d=mm&r=g\",\"url\":\"https:\\\/\\\/secure.gravatar.com\\\/avatar\\\/e804374ed3a659718dedaec5beac2a0c53e5567cfb3b75dc890b95a75fd4040a?s=96&d=mm&r=g\",\"contentUrl\":\"https:\\\/\\\/secure.gravatar.com\\\/avatar\\\/e804374ed3a659718dedaec5beac2a0c53e5567cfb3b75dc890b95a75fd4040a?s=96&d=mm&r=g\",\"caption\":\"admin7\"},\"url\":\"https:\\\/\\\/www.painotekniikka.com\\\/taitonews\\\/author\\\/admin7\\\/\"}]}<\/script>\n<!-- \/ Yoast SEO plugin. -->","yoast_head_json":{"title":"ICT-V\u00c4YL\u00c4OPINNOT KOHTI AMMATTIKORKEAKOULUA - TAITONEWS","robots":{"index":"index","follow":"follow","max-snippet":"max-snippet:-1","max-image-preview":"max-image-preview:large","max-video-preview":"max-video-preview:-1"},"canonical":"https:\/\/www.painotekniikka.com\/taitonews\/lehti2023\/ict-vaylaopinnot-kohti-ammattikorkeakoulua\/","og_locale":"fi_FI","og_type":"article","og_title":"ICT-V\u00c4YL\u00c4OPINNOT KOHTI AMMATTIKORKEAKOULUA - TAITONEWS","og_description":"Turun ammatti-instituutin tieto- ja viestint\u00e4tekniikan perustutkintokoulutuksessa on my\u00f6s mahdollista suorittaa ammattikorkeakoulukursseja, jotka mahdollisissa jatko-opinnoissa hyv\u00e4ksyt\u00e4\u00e4n AMK-opinnoiksi sellaisenaan. Ohjelmoinnin suuntautumisalakseen valinneet opiskelijat voivat suorittaa perusopintoihin kuuluvina seuraavat AMK:n kurssit: ohjelmoinnin perusteet, tietokannat, selainohjelmointi sek\u00e4 ohjelmointiprojekti. Jos opiskelija on halukas jatko-opintoihin AMK:ssa, ei n\u00e4it\u00e4 jo TAIssa suoritettuja opintoja tarvitse siell\u00e4 en\u00e4\u00e4 uudelleen suorittaa. TAIssa on kuluvan syksyn [&hellip;]","og_url":"https:\/\/www.painotekniikka.com\/taitonews\/lehti2023\/ict-vaylaopinnot-kohti-ammattikorkeakoulua\/","og_site_name":"TAITONEWS","article_published_time":"2023-02-01T22:00:18+00:00","article_modified_time":"2023-02-02T05:06:08+00:00","og_image":[{"width":1500,"height":1500,"url":"https:\/\/www.painotekniikka.com\/taitonews\/wp-content\/uploads\/2023\/02\/ictvayla.png","type":"image\/png"}],"author":"admin7","twitter_card":"summary_large_image","twitter_misc":{"Kirjoittanut":"admin7","Arvioitu lukuaika":"2 minuuttia"},"schema":{"@context":"https:\/\/schema.org","@graph":[{"@type":"Article","@id":"https:\/\/www.painotekniikka.com\/taitonews\/lehti2023\/ict-vaylaopinnot-kohti-ammattikorkeakoulua\/#article","isPartOf":{"@id":"https:\/\/www.painotekniikka.com\/taitonews\/lehti2023\/ict-vaylaopinnot-kohti-ammattikorkeakoulua\/"},"author":{"name":"admin7","@id":"https:\/\/www.painotekniikka.com\/taitonews\/#\/schema\/person\/ae39f429a2d0ce56e6b538afba68b540"},"headline":"ICT-V\u00c4YL\u00c4OPINNOT KOHTI AMMATTIKORKEAKOULUA","datePublished":"2023-02-01T22:00:18+00:00","dateModified":"2023-02-02T05:06:08+00:00","mainEntityOfPage":{"@id":"https:\/\/www.painotekniikka.com\/taitonews\/lehti2023\/ict-vaylaopinnot-kohti-ammattikorkeakoulua\/"},"wordCount":293,"commentCount":0,"image":{"@id":"https:\/\/www.painotekniikka.com\/taitonews\/lehti2023\/ict-vaylaopinnot-kohti-ammattikorkeakoulua\/#primaryimage"},"thumbnailUrl":"https:\/\/www.painotekniikka.com\/taitonews\/wp-content\/uploads\/2023\/02\/ictvayla.png","keywords":["ammattikorkeakoulu","ICT-ala","Jatko-opinnot","perusopinnot","perustutkinto","tieto- ja viestint\u00e4tekniikka","uudistus","v\u00e4yl\u00e4opinnot","Yhteisty\u00f6"],"articleSection":["Lehti2023","Tutkinnot"],"inLanguage":"fi","potentialAction":[{"@type":"CommentAction","name":"Comment","target":["https:\/\/www.painotekniikka.com\/taitonews\/lehti2023\/ict-vaylaopinnot-kohti-ammattikorkeakoulua\/#respond"]}]},{"@type":"WebPage","@id":"https:\/\/www.painotekniikka.com\/taitonews\/lehti2023\/ict-vaylaopinnot-kohti-ammattikorkeakoulua\/","url":"https:\/\/www.painotekniikka.com\/taitonews\/lehti2023\/ict-vaylaopinnot-kohti-ammattikorkeakoulua\/","name":"ICT-V\u00c4YL\u00c4OPINNOT KOHTI AMMATTIKORKEAKOULUA - TAITONEWS","isPartOf":{"@id":"https:\/\/www.painotekniikka.com\/taitonews\/#website"},"primaryImageOfPage":{"@id":"https:\/\/www.painotekniikka.com\/taitonews\/lehti2023\/ict-vaylaopinnot-kohti-ammattikorkeakoulua\/#primaryimage"},"image":{"@id":"https:\/\/www.painotekniikka.com\/taitonews\/lehti2023\/ict-vaylaopinnot-kohti-ammattikorkeakoulua\/#primaryimage"},"thumbnailUrl":"https:\/\/www.painotekniikka.com\/taitonews\/wp-content\/uploads\/2023\/02\/ictvayla.png","datePublished":"2023-02-01T22:00:18+00:00","dateModified":"2023-02-02T05:06:08+00:00","author":{"@id":"https:\/\/www.painotekniikka.com\/taitonews\/#\/schema\/person\/ae39f429a2d0ce56e6b538afba68b540"},"breadcrumb":{"@id":"https:\/\/www.painotekniikka.com\/taitonews\/lehti2023\/ict-vaylaopinnot-kohti-ammattikorkeakoulua\/#breadcrumb"},"inLanguage":"fi","potentialAction":[{"@type":"ReadAction","target":["https:\/\/www.painotekniikka.com\/taitonews\/lehti2023\/ict-vaylaopinnot-kohti-ammattikorkeakoulua\/"]}]},{"@type":"ImageObject","inLanguage":"fi","@id":"https:\/\/www.painotekniikka.com\/taitonews\/lehti2023\/ict-vaylaopinnot-kohti-ammattikorkeakoulua\/#primaryimage","url":"https:\/\/www.painotekniikka.com\/taitonews\/wp-content\/uploads\/2023\/02\/ictvayla.png","contentUrl":"https:\/\/www.painotekniikka.com\/taitonews\/wp-content\/uploads\/2023\/02\/ictvayla.png","width":1500,"height":1500},{"@type":"BreadcrumbList","@id":"https:\/\/www.painotekniikka.com\/taitonews\/lehti2023\/ict-vaylaopinnot-kohti-ammattikorkeakoulua\/#breadcrumb","itemListElement":[{"@type":"ListItem","position":1,"name":"Etusivu","item":"https:\/\/www.painotekniikka.com\/taitonews\/"},{"@type":"ListItem","position":2,"name":"ICT-V\u00c4YL\u00c4OPINNOT KOHTI AMMATTIKORKEAKOULUA"}]},{"@type":"WebSite","@id":"https:\/\/www.painotekniikka.com\/taitonews\/#website","url":"https:\/\/www.painotekniikka.com\/taitonews\/","name":"TAITONEWS","description":"Ammatillisen koulutuksen arkea TAIn koulutaloissa ja yhteisyrityksiss&auml;.","potentialAction":[{"@type":"SearchAction","target":{"@type":"EntryPoint","urlTemplate":"https:\/\/www.painotekniikka.com\/taitonews\/?s={search_term_string}"},"query-input":{"@type":"PropertyValueSpecification","valueRequired":true,"valueName":"search_term_string"}}],"inLanguage":"fi"},{"@type":"Person","@id":"https:\/\/www.painotekniikka.com\/taitonews\/#\/schema\/person\/ae39f429a2d0ce56e6b538afba68b540","name":"admin7","image":{"@type":"ImageObject","inLanguage":"fi","@id":"https:\/\/secure.gravatar.com\/avatar\/e804374ed3a659718dedaec5beac2a0c53e5567cfb3b75dc890b95a75fd4040a?s=96&d=mm&r=g","url":"https:\/\/secure.gravatar.com\/avatar\/e804374ed3a659718dedaec5beac2a0c53e5567cfb3b75dc890b95a75fd4040a?s=96&d=mm&r=g","contentUrl":"https:\/\/secure.gravatar.com\/avatar\/e804374ed3a659718dedaec5beac2a0c53e5567cfb3b75dc890b95a75fd4040a?s=96&d=mm&r=g","caption":"admin7"},"url":"https:\/\/www.painotekniikka.com\/taitonews\/author\/admin7\/"}]}},"_links":{"self":[{"href":"https:\/\/www.painotekniikka.com\/taitonews\/wp-json\/wp\/v2\/posts\/1792","targetHints":{"allow":["GET"]}}],"collection":[{"href":"https:\/\/www.painotekniikka.com\/taitonews\/wp-json\/wp\/v2\/posts"}],"about":[{"href":"https:\/\/www.painotekniikka.com\/taitonews\/wp-json\/wp\/v2\/types\/post"}],"author":[{"embeddable":true,"href":"https:\/\/www.painotekniikka.com\/taitonews\/wp-json\/wp\/v2\/users\/8"}],"replies":[{"embeddable":true,"href":"https:\/\/www.painotekniikka.com\/taitonews\/wp-json\/wp\/v2\/comments?post=1792"}],"version-history":[{"count":15,"href":"https:\/\/www.painotekniikka.com\/taitonews\/wp-json\/wp\/v2\/posts\/1792\/revisions"}],"predecessor-version":[{"id":2097,"href":"https:\/\/www.painotekniikka.com\/taitonews\/wp-json\/wp\/v2\/posts\/1792\/revisions\/2097"}],"wp:featuredmedia":[{"embeddable":true,"href":"https:\/\/www.painotekniikka.com\/taitonews\/wp-json\/wp\/v2\/media\/2022"}],"wp:attachment":[{"href":"https:\/\/www.painotekniikka.com\/taitonews\/wp-json\/wp\/v2\/media?parent=1792"}],"wp:term":[{"taxonomy":"category","embeddable":true,"href":"https:\/\/www.painotekniikka.com\/taitonews\/wp-json\/wp\/v2\/categories?post=1792"},{"taxonomy":"post_tag","embeddable":true,"href":"https:\/\/www.painotekniikka.com\/taitonews\/wp-json\/wp\/v2\/tags?post=1792"}],"curies":[{"name":"wp","href":"https:\/\/api.w.org\/{rel}","templated":true}]}}