{"id":1555,"date":"2022-10-19T11:27:17","date_gmt":"2022-10-19T08:27:17","guid":{"rendered":"https:\/\/www.painotekniikka.com\/taitonews\/?p=1555"},"modified":"2022-11-29T08:59:03","modified_gmt":"2022-11-29T06:59:03","slug":"unelman-nakoinen-yritys","status":"publish","type":"post","link":"https:\/\/www.painotekniikka.com\/taitonews\/tyoelama\/unelman-nakoinen-yritys\/","title":{"rendered":"Unelman n\u00e4k\u00f6inen yritys"},"content":{"rendered":"<p>Innostuin alun perin k\u00e4sit\u00f6ist\u00e4 yl\u00e4asteella, otin kaikki tekstiility\u00f6n valinnaiset ja ompelin paljon. Peruskoulun j\u00e4lkeen olisin halunnut opiskella vaatetusalan kaksoistutkinnon. Koska asuimme maalla, ei koulukyytien puuttuessa ollut kuitenkaan mahdollista menn\u00e4 ammattikouluun. Menin l\u00e4hilukioon.<\/p>\n<p>Lukion j\u00e4lkeen p\u00e4\u00e4sin Turun yliopistoon luokanopettajakoulutukseen ja pidin siit\u00e4 kovasti. Yliopistossa opiskelin k\u00e4sity\u00f6kasvatusta sivuaineena, se harjoitti omaa tekemist\u00e4 pedagogiikka edell\u00e4. Valmistuin luokanopettajaksi.<\/p>\n<blockquote><p>Olen tosi iloinen alanvaihdoksesta, l\u00f6ysin oman suunnan ja uskalsin.<\/p><\/blockquote>\n<p>Jo opettajankoulutuksessa aloin mietti\u00e4, ett\u00e4 haluaisin tehd\u00e4 omilla k\u00e4sill\u00e4ni jotain luovaa ja m\u00e4\u00e4ritt\u00e4\u00e4 omaa ty\u00f6skentely\u00e4ni. Ehk\u00e4 opettajan ty\u00f6 ei olisikaan sit\u00e4, mit\u00e4 haluan. Yritt\u00e4jyys alkoi tuntua kiinnostavalta vaihtoehdolta.<\/p>\n<h4>Uskalsin l\u00e4hte\u00e4 yritt\u00e4j\u00e4ksi<\/h4>\n<p>Opintojen loppuvaiheessa l\u00e4hdin opiskelijavaihtoon Kreikkaan. Ateenassa ihastuin pieneen vintage-liikkeeseen t\u00e4ysin. Miesomistaja oli tosi cool. H\u00e4nell\u00e4 oli oma vaatemallisto, jonka vaatteet oli tehty upeista vintage-kankaista. Upeaa tummanvihre\u00e4\u00e4 samettia, kaunista ja yksinkertaista. Mietin, miten ihanassa asemassa h\u00e4n on, kun saa luoda niin kauniita asioita.<\/p>\n<p>&nbsp;<\/p>\n<p>P\u00e4\u00e4t\u00f6s kypsyi. Miksi en tekisi sit\u00e4, mik\u00e4 on niin innostavaa? Kun kev\u00e4\u00e4ll\u00e4 2019 viel\u00e4 kirjoitin gradua, hain Turun ammatti-instituuttiin opiskelemaan Tekstiili- ja muotialan perustutkintoa. Halusin opetella tekniikat kunnolla alusta asti. Olen tosi iloinen alanvaihdoksesta, l\u00f6ysin oman suunnan ja uskalsin.<\/p>\n<p>Valmistuttuani ammatti-instituutista ryhdyin yritt\u00e4j\u00e4ksi. Se vaati tosi paljon rohkeutta. Yritt\u00e4m\u00e4\u00e4n l\u00e4htemist\u00e4 helpotti kuitenkin se, ett\u00e4 olin ollut t\u00e4ss\u00e4 samassa paikassa ty\u00f6harjoittelussa. Edellinen yritt\u00e4j\u00e4 lopetti ompelujutut silloin kun min\u00e4 aloitin, ja h\u00e4n opetti minulle kaiken korjausompelusta. Sain jatkaa h\u00e4nen sopimaansa korjausompeluyhteisty\u00f6t\u00e4, se loi turvaa aloittamiseen.<\/p>\n<p>Ammatti-instituutissa olin k\u00e4ynyt kurssin yritystoiminnan suunnittelussa. K\u00e4vimme l\u00e4pi muun muassa yrityksen perustamisasiakirjoihin liittyvi\u00e4 asioita. Kurssin teht\u00e4vien pohjalta tein oman liiketoimintasuunnitelmani, joka tarvittiin starttirahan saamiseksi.<\/p>\n<h4>Vintage on rakas osa el\u00e4m\u00e4\u00e4ni<\/h4>\n<p>Yritt\u00e4j\u00e4n\u00e4 haluan toimia eettisesti ja ekologisesti. En haluaisi omalla toiminnallani kuormittaa ymp\u00e4rist\u00f6\u00e4 yht\u00e4\u00e4n enemp\u00e4\u00e4, vaan tarjota ihmisille kest\u00e4v\u00e4\u00e4 muotia ja muuttaa sit\u00e4 kautta ostok\u00e4ytt\u00e4ytymist\u00e4 vastuullisemmaksi.<\/p>\n<p>Vintage on ollut intohimoni ihan lapsesta asti. Olemme iso\u00e4idin kanssa kiert\u00e4neet kirpputoreja, se on ollut iso ja rakas osa el\u00e4m\u00e4\u00e4ni. Vintage on ihana tapa nauttia muodista kest\u00e4v\u00e4mmin, mutta sit\u00e4k\u00e4\u00e4n ei kannata ostaa harkitsematta. Ostaisi aina vain tarpeeseen ja vaatteen, jonka oikeasti haluaa. Arvostaisi ja rakastaisi omia vaatteitaan.<\/p>\n<h4>Oma mallisto eettisesti ja kest\u00e4v\u00e4sti<\/h4>\n<p>Olen luomassa my\u00f6s oman muutaman vaatekappaleen malliston. Vaatteet ovat yhdistelt\u00e4vi\u00e4 ja monenlaisiin tilanteesiin sopivia. Tuon niihin tyylikkyytt\u00e4 yksinkertaisuudella ja selkeill\u00e4 linjoilla.<br \/>\nHaluan tehd\u00e4 vaatteita, jotka sopivat kaikille. En ole rajannut niille tarkkaa kohderyhm\u00e4\u00e4 tai sukupuolta. Ei mill\u00e4\u00e4n vaatteella ole, ei mekollakaan. Vaatteisiin liitet\u00e4\u00e4n paljon oletuksia ja odotuksia, joita haluaisin purkaa. Kauniit vaatteet ja pukeutumisesta nauttiminen kuuluu kaikille.<\/p>\n<p>K\u00e4yt\u00e4n mahdollisimman paljon kierr\u00e4tysmateriaaleja, ettei tarvitse ostaa uutta. On niin paljon materiaaleja, jotka menev\u00e4t hukkaan. Haluan pelastaa ne ja laittaa uudelleen kiertoon.<br \/>\nAistin, ett\u00e4 k\u00e4dentaitoja, itse tekemist\u00e4 sek\u00e4 kotimaassa suunniteltuja ja tuotettuja vaatteita arvostetaan. Ala on l\u00e4hd\u00f6ss\u00e4 uuteen nousuun, niin uskon. Ihmiset haluavat korjata ja huoltaa vaatteitaan.<\/p>\n<h4>Omaa jaksamista t\u00e4ytyy kuunnella<\/h4>\n<p>Ompelimoni yhteydess\u00e4 oleva vintage-liike on auki kahtena p\u00e4iv\u00e4n\u00e4 viikossa. T\u00e4ll\u00e4 hetkell\u00e4 teen korjausompelua ainoastaan Turun Pukumyynnille, yhteisty\u00f6mme on sujuvaa ja mukavaa.<\/p>\n<p>T\u00f6it\u00e4 on v\u00e4lill\u00e4 tarjolla paljon enemm\u00e4n kuin ehtisin tekem\u00e4\u00e4n. Kes\u00e4ll\u00e4 l\u00e4hestulkoon asuin ateljeella. Samaan aikaan oli hoidettava yrityksen perustamiseen liittyv\u00e4t paperity\u00f6t ja monet pikkujutut. V\u00e4lill\u00e4 tuli olo, ett\u00e4 hukun t\u00f6ihin.<\/p>\n<p>Omasta hyvinvoinnista huolehtiminen onkin osa yritykseni t\u00e4rke\u00e4\u00e4 arvopohjaa, t\u00e4ytyy kuunnella omaa jaksamistaan. Nyt olen l\u00f6yt\u00e4nyt paremman tasapainon tekemiseen. Kunpa vuorokauteen saisi tuplam\u00e4\u00e4r\u00e4n tunteja. Ehtisin tehd\u00e4 kaiken, mink\u00e4 haluan. Haaveeni on panostaa yh\u00e4 enemm\u00e4n vintageen ja omaan mallistooni. En tied\u00e4 kuinka realistista se viel\u00e4 on.<\/p>\n<p>On ollut ihanaa ja on ollut raskasta. Olen niin onnellinen ja innoissani, ett\u00e4 ryhdyin t\u00e4h\u00e4n. Kaikki on vasta ihan alussa.<br \/>\n<em><br \/>\nTEKSTI Lea Froloff<br \/>\nKUVAT Ateljee Venla<\/em><\/p>\n<p><img loading=\"lazy\" decoding=\"async\" class=\"aligncenter size-full wp-image-1556\" src=\"https:\/\/www.painotekniikka.com\/taitonews\/wp-content\/uploads\/2022\/10\/artikkeli8a.jpg\" alt=\"\" width=\"839\" height=\"781\" srcset=\"https:\/\/www.painotekniikka.com\/taitonews\/wp-content\/uploads\/2022\/10\/artikkeli8a.jpg 839w, https:\/\/www.painotekniikka.com\/taitonews\/wp-content\/uploads\/2022\/10\/artikkeli8a-300x279.jpg 300w, https:\/\/www.painotekniikka.com\/taitonews\/wp-content\/uploads\/2022\/10\/artikkeli8a-768x715.jpg 768w\" sizes=\"auto, (max-width: 839px) 100vw, 839px\" \/><\/p>\n","protected":false},"excerpt":{"rendered":"<p>Innostuin alun perin k\u00e4sit\u00f6ist\u00e4 yl\u00e4asteella, otin kaikki tekstiility\u00f6n valinnaiset ja ompelin paljon. Peruskoulun j\u00e4lkeen olisin halunnut opiskella vaatetusalan kaksoistutkinnon. Koska asuimme maalla, ei koulukyytien puuttuessa ollut kuitenkaan mahdollista menn\u00e4 ammattikouluun. Menin l\u00e4hilukioon. Lukion j\u00e4lkeen p\u00e4\u00e4sin Turun yliopistoon luokanopettajakoulutukseen ja pidin siit\u00e4 kovasti. Yliopistossa opiskelin k\u00e4sity\u00f6kasvatusta sivuaineena, se harjoitti omaa tekemist\u00e4 pedagogiikka edell\u00e4. Valmistuin luokanopettajaksi. Olen [&hellip;]<\/p>\n","protected":false},"author":1,"featured_media":1564,"comment_status":"open","ping_status":"open","sticky":false,"template":"","format":"standard","meta":{"_monsterinsights_skip_tracking":false,"_monsterinsights_sitenote_active":false,"_monsterinsights_sitenote_note":"","_monsterinsights_sitenote_category":0,"footnotes":""},"categories":[29,25],"tags":[67,68,69],"class_list":["post-1555","post","type-post","status-publish","format-standard","has-post-thumbnail","hentry","category-lehti2022","category-tyoelama","tag-alanvaihto","tag-tekstiili-ja-muotiala","tag-vintage"],"yoast_head":"<!-- This site is optimized with the Yoast SEO plugin v27.5 - https:\/\/yoast.com\/product\/yoast-seo-wordpress\/ -->\n<title>Unelman n\u00e4k\u00f6inen yritys - TAITONEWS<\/title>\n<meta name=\"robots\" content=\"index, follow, max-snippet:-1, max-image-preview:large, max-video-preview:-1\" \/>\n<link rel=\"canonical\" href=\"https:\/\/www.painotekniikka.com\/taitonews\/tyoelama\/unelman-nakoinen-yritys\/\" \/>\n<meta property=\"og:locale\" content=\"fi_FI\" \/>\n<meta property=\"og:type\" content=\"article\" \/>\n<meta property=\"og:title\" content=\"Unelman n\u00e4k\u00f6inen yritys - TAITONEWS\" \/>\n<meta property=\"og:description\" content=\"Innostuin alun perin k\u00e4sit\u00f6ist\u00e4 yl\u00e4asteella, otin kaikki tekstiility\u00f6n valinnaiset ja ompelin paljon. Peruskoulun j\u00e4lkeen olisin halunnut opiskella vaatetusalan kaksoistutkinnon. Koska asuimme maalla, ei koulukyytien puuttuessa ollut kuitenkaan mahdollista menn\u00e4 ammattikouluun. Menin l\u00e4hilukioon. Lukion j\u00e4lkeen p\u00e4\u00e4sin Turun yliopistoon luokanopettajakoulutukseen ja pidin siit\u00e4 kovasti. Yliopistossa opiskelin k\u00e4sity\u00f6kasvatusta sivuaineena, se harjoitti omaa tekemist\u00e4 pedagogiikka edell\u00e4. Valmistuin luokanopettajaksi. Olen [&hellip;]\" \/>\n<meta property=\"og:url\" content=\"https:\/\/www.painotekniikka.com\/taitonews\/tyoelama\/unelman-nakoinen-yritys\/\" \/>\n<meta property=\"og:site_name\" content=\"TAITONEWS\" \/>\n<meta property=\"article:published_time\" content=\"2022-10-19T08:27:17+00:00\" \/>\n<meta property=\"article:modified_time\" content=\"2022-11-29T06:59:03+00:00\" \/>\n<meta property=\"og:image\" content=\"https:\/\/www.painotekniikka.com\/taitonews\/wp-content\/uploads\/2022\/10\/artikkeli8c.jpg\" \/>\n\t<meta property=\"og:image:width\" content=\"839\" \/>\n\t<meta property=\"og:image:height\" content=\"646\" \/>\n\t<meta property=\"og:image:type\" content=\"image\/jpeg\" \/>\n<meta name=\"author\" content=\"admin\" \/>\n<meta name=\"twitter:card\" content=\"summary_large_image\" \/>\n<meta name=\"twitter:label1\" content=\"Kirjoittanut\" \/>\n\t<meta name=\"twitter:data1\" content=\"admin\" \/>\n\t<meta name=\"twitter:label2\" content=\"Arvioitu lukuaika\" \/>\n\t<meta name=\"twitter:data2\" content=\"3 minuuttia\" \/>\n<script type=\"application\/ld+json\" class=\"yoast-schema-graph\">{\"@context\":\"https:\\\/\\\/schema.org\",\"@graph\":[{\"@type\":\"Article\",\"@id\":\"https:\\\/\\\/www.painotekniikka.com\\\/taitonews\\\/tyoelama\\\/unelman-nakoinen-yritys\\\/#article\",\"isPartOf\":{\"@id\":\"https:\\\/\\\/www.painotekniikka.com\\\/taitonews\\\/tyoelama\\\/unelman-nakoinen-yritys\\\/\"},\"author\":{\"name\":\"admin\",\"@id\":\"https:\\\/\\\/www.painotekniikka.com\\\/taitonews\\\/#\\\/schema\\\/person\\\/04e0b5db8e0142cb44e22b9952b3fc6a\"},\"headline\":\"Unelman n\u00e4k\u00f6inen yritys\",\"datePublished\":\"2022-10-19T08:27:17+00:00\",\"dateModified\":\"2022-11-29T06:59:03+00:00\",\"mainEntityOfPage\":{\"@id\":\"https:\\\/\\\/www.painotekniikka.com\\\/taitonews\\\/tyoelama\\\/unelman-nakoinen-yritys\\\/\"},\"wordCount\":656,\"commentCount\":0,\"image\":{\"@id\":\"https:\\\/\\\/www.painotekniikka.com\\\/taitonews\\\/tyoelama\\\/unelman-nakoinen-yritys\\\/#primaryimage\"},\"thumbnailUrl\":\"https:\\\/\\\/www.painotekniikka.com\\\/taitonews\\\/wp-content\\\/uploads\\\/2022\\\/10\\\/artikkeli8c.jpg\",\"keywords\":[\"alanvaihto\",\"Tekstiili- ja muotiala\",\"Vintage\"],\"articleSection\":[\"Lehti2022\",\"Ty\u00f6el\u00e4m\u00e4\"],\"inLanguage\":\"fi\",\"potentialAction\":[{\"@type\":\"CommentAction\",\"name\":\"Comment\",\"target\":[\"https:\\\/\\\/www.painotekniikka.com\\\/taitonews\\\/tyoelama\\\/unelman-nakoinen-yritys\\\/#respond\"]}]},{\"@type\":\"WebPage\",\"@id\":\"https:\\\/\\\/www.painotekniikka.com\\\/taitonews\\\/tyoelama\\\/unelman-nakoinen-yritys\\\/\",\"url\":\"https:\\\/\\\/www.painotekniikka.com\\\/taitonews\\\/tyoelama\\\/unelman-nakoinen-yritys\\\/\",\"name\":\"Unelman n\u00e4k\u00f6inen yritys - TAITONEWS\",\"isPartOf\":{\"@id\":\"https:\\\/\\\/www.painotekniikka.com\\\/taitonews\\\/#website\"},\"primaryImageOfPage\":{\"@id\":\"https:\\\/\\\/www.painotekniikka.com\\\/taitonews\\\/tyoelama\\\/unelman-nakoinen-yritys\\\/#primaryimage\"},\"image\":{\"@id\":\"https:\\\/\\\/www.painotekniikka.com\\\/taitonews\\\/tyoelama\\\/unelman-nakoinen-yritys\\\/#primaryimage\"},\"thumbnailUrl\":\"https:\\\/\\\/www.painotekniikka.com\\\/taitonews\\\/wp-content\\\/uploads\\\/2022\\\/10\\\/artikkeli8c.jpg\",\"datePublished\":\"2022-10-19T08:27:17+00:00\",\"dateModified\":\"2022-11-29T06:59:03+00:00\",\"author\":{\"@id\":\"https:\\\/\\\/www.painotekniikka.com\\\/taitonews\\\/#\\\/schema\\\/person\\\/04e0b5db8e0142cb44e22b9952b3fc6a\"},\"breadcrumb\":{\"@id\":\"https:\\\/\\\/www.painotekniikka.com\\\/taitonews\\\/tyoelama\\\/unelman-nakoinen-yritys\\\/#breadcrumb\"},\"inLanguage\":\"fi\",\"potentialAction\":[{\"@type\":\"ReadAction\",\"target\":[\"https:\\\/\\\/www.painotekniikka.com\\\/taitonews\\\/tyoelama\\\/unelman-nakoinen-yritys\\\/\"]}]},{\"@type\":\"ImageObject\",\"inLanguage\":\"fi\",\"@id\":\"https:\\\/\\\/www.painotekniikka.com\\\/taitonews\\\/tyoelama\\\/unelman-nakoinen-yritys\\\/#primaryimage\",\"url\":\"https:\\\/\\\/www.painotekniikka.com\\\/taitonews\\\/wp-content\\\/uploads\\\/2022\\\/10\\\/artikkeli8c.jpg\",\"contentUrl\":\"https:\\\/\\\/www.painotekniikka.com\\\/taitonews\\\/wp-content\\\/uploads\\\/2022\\\/10\\\/artikkeli8c.jpg\",\"width\":839,\"height\":646},{\"@type\":\"BreadcrumbList\",\"@id\":\"https:\\\/\\\/www.painotekniikka.com\\\/taitonews\\\/tyoelama\\\/unelman-nakoinen-yritys\\\/#breadcrumb\",\"itemListElement\":[{\"@type\":\"ListItem\",\"position\":1,\"name\":\"Etusivu\",\"item\":\"https:\\\/\\\/www.painotekniikka.com\\\/taitonews\\\/\"},{\"@type\":\"ListItem\",\"position\":2,\"name\":\"Unelman n\u00e4k\u00f6inen yritys\"}]},{\"@type\":\"WebSite\",\"@id\":\"https:\\\/\\\/www.painotekniikka.com\\\/taitonews\\\/#website\",\"url\":\"https:\\\/\\\/www.painotekniikka.com\\\/taitonews\\\/\",\"name\":\"TAITONEWS\",\"description\":\"Ammatillisen koulutuksen arkea TAIn koulutaloissa ja yhteisyrityksiss&auml;.\",\"potentialAction\":[{\"@type\":\"SearchAction\",\"target\":{\"@type\":\"EntryPoint\",\"urlTemplate\":\"https:\\\/\\\/www.painotekniikka.com\\\/taitonews\\\/?s={search_term_string}\"},\"query-input\":{\"@type\":\"PropertyValueSpecification\",\"valueRequired\":true,\"valueName\":\"search_term_string\"}}],\"inLanguage\":\"fi\"},{\"@type\":\"Person\",\"@id\":\"https:\\\/\\\/www.painotekniikka.com\\\/taitonews\\\/#\\\/schema\\\/person\\\/04e0b5db8e0142cb44e22b9952b3fc6a\",\"name\":\"admin\",\"image\":{\"@type\":\"ImageObject\",\"inLanguage\":\"fi\",\"@id\":\"https:\\\/\\\/secure.gravatar.com\\\/avatar\\\/c6825509030215d5431286691c67ff194b8193ec90dedf5797c0c9eebdd72cfd?s=96&d=mm&r=g\",\"url\":\"https:\\\/\\\/secure.gravatar.com\\\/avatar\\\/c6825509030215d5431286691c67ff194b8193ec90dedf5797c0c9eebdd72cfd?s=96&d=mm&r=g\",\"contentUrl\":\"https:\\\/\\\/secure.gravatar.com\\\/avatar\\\/c6825509030215d5431286691c67ff194b8193ec90dedf5797c0c9eebdd72cfd?s=96&d=mm&r=g\",\"caption\":\"admin\"},\"sameAs\":[\"http:\\\/\\\/www.painotekniikka.com\\\/taitonews\"],\"url\":\"https:\\\/\\\/www.painotekniikka.com\\\/taitonews\\\/author\\\/admin\\\/\"}]}<\/script>\n<!-- \/ Yoast SEO plugin. -->","yoast_head_json":{"title":"Unelman n\u00e4k\u00f6inen yritys - TAITONEWS","robots":{"index":"index","follow":"follow","max-snippet":"max-snippet:-1","max-image-preview":"max-image-preview:large","max-video-preview":"max-video-preview:-1"},"canonical":"https:\/\/www.painotekniikka.com\/taitonews\/tyoelama\/unelman-nakoinen-yritys\/","og_locale":"fi_FI","og_type":"article","og_title":"Unelman n\u00e4k\u00f6inen yritys - TAITONEWS","og_description":"Innostuin alun perin k\u00e4sit\u00f6ist\u00e4 yl\u00e4asteella, otin kaikki tekstiility\u00f6n valinnaiset ja ompelin paljon. Peruskoulun j\u00e4lkeen olisin halunnut opiskella vaatetusalan kaksoistutkinnon. Koska asuimme maalla, ei koulukyytien puuttuessa ollut kuitenkaan mahdollista menn\u00e4 ammattikouluun. Menin l\u00e4hilukioon. Lukion j\u00e4lkeen p\u00e4\u00e4sin Turun yliopistoon luokanopettajakoulutukseen ja pidin siit\u00e4 kovasti. Yliopistossa opiskelin k\u00e4sity\u00f6kasvatusta sivuaineena, se harjoitti omaa tekemist\u00e4 pedagogiikka edell\u00e4. Valmistuin luokanopettajaksi. Olen [&hellip;]","og_url":"https:\/\/www.painotekniikka.com\/taitonews\/tyoelama\/unelman-nakoinen-yritys\/","og_site_name":"TAITONEWS","article_published_time":"2022-10-19T08:27:17+00:00","article_modified_time":"2022-11-29T06:59:03+00:00","og_image":[{"width":839,"height":646,"url":"https:\/\/www.painotekniikka.com\/taitonews\/wp-content\/uploads\/2022\/10\/artikkeli8c.jpg","type":"image\/jpeg"}],"author":"admin","twitter_card":"summary_large_image","twitter_misc":{"Kirjoittanut":"admin","Arvioitu lukuaika":"3 minuuttia"},"schema":{"@context":"https:\/\/schema.org","@graph":[{"@type":"Article","@id":"https:\/\/www.painotekniikka.com\/taitonews\/tyoelama\/unelman-nakoinen-yritys\/#article","isPartOf":{"@id":"https:\/\/www.painotekniikka.com\/taitonews\/tyoelama\/unelman-nakoinen-yritys\/"},"author":{"name":"admin","@id":"https:\/\/www.painotekniikka.com\/taitonews\/#\/schema\/person\/04e0b5db8e0142cb44e22b9952b3fc6a"},"headline":"Unelman n\u00e4k\u00f6inen yritys","datePublished":"2022-10-19T08:27:17+00:00","dateModified":"2022-11-29T06:59:03+00:00","mainEntityOfPage":{"@id":"https:\/\/www.painotekniikka.com\/taitonews\/tyoelama\/unelman-nakoinen-yritys\/"},"wordCount":656,"commentCount":0,"image":{"@id":"https:\/\/www.painotekniikka.com\/taitonews\/tyoelama\/unelman-nakoinen-yritys\/#primaryimage"},"thumbnailUrl":"https:\/\/www.painotekniikka.com\/taitonews\/wp-content\/uploads\/2022\/10\/artikkeli8c.jpg","keywords":["alanvaihto","Tekstiili- ja muotiala","Vintage"],"articleSection":["Lehti2022","Ty\u00f6el\u00e4m\u00e4"],"inLanguage":"fi","potentialAction":[{"@type":"CommentAction","name":"Comment","target":["https:\/\/www.painotekniikka.com\/taitonews\/tyoelama\/unelman-nakoinen-yritys\/#respond"]}]},{"@type":"WebPage","@id":"https:\/\/www.painotekniikka.com\/taitonews\/tyoelama\/unelman-nakoinen-yritys\/","url":"https:\/\/www.painotekniikka.com\/taitonews\/tyoelama\/unelman-nakoinen-yritys\/","name":"Unelman n\u00e4k\u00f6inen yritys - TAITONEWS","isPartOf":{"@id":"https:\/\/www.painotekniikka.com\/taitonews\/#website"},"primaryImageOfPage":{"@id":"https:\/\/www.painotekniikka.com\/taitonews\/tyoelama\/unelman-nakoinen-yritys\/#primaryimage"},"image":{"@id":"https:\/\/www.painotekniikka.com\/taitonews\/tyoelama\/unelman-nakoinen-yritys\/#primaryimage"},"thumbnailUrl":"https:\/\/www.painotekniikka.com\/taitonews\/wp-content\/uploads\/2022\/10\/artikkeli8c.jpg","datePublished":"2022-10-19T08:27:17+00:00","dateModified":"2022-11-29T06:59:03+00:00","author":{"@id":"https:\/\/www.painotekniikka.com\/taitonews\/#\/schema\/person\/04e0b5db8e0142cb44e22b9952b3fc6a"},"breadcrumb":{"@id":"https:\/\/www.painotekniikka.com\/taitonews\/tyoelama\/unelman-nakoinen-yritys\/#breadcrumb"},"inLanguage":"fi","potentialAction":[{"@type":"ReadAction","target":["https:\/\/www.painotekniikka.com\/taitonews\/tyoelama\/unelman-nakoinen-yritys\/"]}]},{"@type":"ImageObject","inLanguage":"fi","@id":"https:\/\/www.painotekniikka.com\/taitonews\/tyoelama\/unelman-nakoinen-yritys\/#primaryimage","url":"https:\/\/www.painotekniikka.com\/taitonews\/wp-content\/uploads\/2022\/10\/artikkeli8c.jpg","contentUrl":"https:\/\/www.painotekniikka.com\/taitonews\/wp-content\/uploads\/2022\/10\/artikkeli8c.jpg","width":839,"height":646},{"@type":"BreadcrumbList","@id":"https:\/\/www.painotekniikka.com\/taitonews\/tyoelama\/unelman-nakoinen-yritys\/#breadcrumb","itemListElement":[{"@type":"ListItem","position":1,"name":"Etusivu","item":"https:\/\/www.painotekniikka.com\/taitonews\/"},{"@type":"ListItem","position":2,"name":"Unelman n\u00e4k\u00f6inen yritys"}]},{"@type":"WebSite","@id":"https:\/\/www.painotekniikka.com\/taitonews\/#website","url":"https:\/\/www.painotekniikka.com\/taitonews\/","name":"TAITONEWS","description":"Ammatillisen koulutuksen arkea TAIn koulutaloissa ja yhteisyrityksiss&auml;.","potentialAction":[{"@type":"SearchAction","target":{"@type":"EntryPoint","urlTemplate":"https:\/\/www.painotekniikka.com\/taitonews\/?s={search_term_string}"},"query-input":{"@type":"PropertyValueSpecification","valueRequired":true,"valueName":"search_term_string"}}],"inLanguage":"fi"},{"@type":"Person","@id":"https:\/\/www.painotekniikka.com\/taitonews\/#\/schema\/person\/04e0b5db8e0142cb44e22b9952b3fc6a","name":"admin","image":{"@type":"ImageObject","inLanguage":"fi","@id":"https:\/\/secure.gravatar.com\/avatar\/c6825509030215d5431286691c67ff194b8193ec90dedf5797c0c9eebdd72cfd?s=96&d=mm&r=g","url":"https:\/\/secure.gravatar.com\/avatar\/c6825509030215d5431286691c67ff194b8193ec90dedf5797c0c9eebdd72cfd?s=96&d=mm&r=g","contentUrl":"https:\/\/secure.gravatar.com\/avatar\/c6825509030215d5431286691c67ff194b8193ec90dedf5797c0c9eebdd72cfd?s=96&d=mm&r=g","caption":"admin"},"sameAs":["http:\/\/www.painotekniikka.com\/taitonews"],"url":"https:\/\/www.painotekniikka.com\/taitonews\/author\/admin\/"}]}},"_links":{"self":[{"href":"https:\/\/www.painotekniikka.com\/taitonews\/wp-json\/wp\/v2\/posts\/1555","targetHints":{"allow":["GET"]}}],"collection":[{"href":"https:\/\/www.painotekniikka.com\/taitonews\/wp-json\/wp\/v2\/posts"}],"about":[{"href":"https:\/\/www.painotekniikka.com\/taitonews\/wp-json\/wp\/v2\/types\/post"}],"author":[{"embeddable":true,"href":"https:\/\/www.painotekniikka.com\/taitonews\/wp-json\/wp\/v2\/users\/1"}],"replies":[{"embeddable":true,"href":"https:\/\/www.painotekniikka.com\/taitonews\/wp-json\/wp\/v2\/comments?post=1555"}],"version-history":[{"count":5,"href":"https:\/\/www.painotekniikka.com\/taitonews\/wp-json\/wp\/v2\/posts\/1555\/revisions"}],"predecessor-version":[{"id":1558,"href":"https:\/\/www.painotekniikka.com\/taitonews\/wp-json\/wp\/v2\/posts\/1555\/revisions\/1558"}],"wp:featuredmedia":[{"embeddable":true,"href":"https:\/\/www.painotekniikka.com\/taitonews\/wp-json\/wp\/v2\/media\/1564"}],"wp:attachment":[{"href":"https:\/\/www.painotekniikka.com\/taitonews\/wp-json\/wp\/v2\/media?parent=1555"}],"wp:term":[{"taxonomy":"category","embeddable":true,"href":"https:\/\/www.painotekniikka.com\/taitonews\/wp-json\/wp\/v2\/categories?post=1555"},{"taxonomy":"post_tag","embeddable":true,"href":"https:\/\/www.painotekniikka.com\/taitonews\/wp-json\/wp\/v2\/tags?post=1555"}],"curies":[{"name":"wp","href":"https:\/\/api.w.org\/{rel}","templated":true}]}}