{"id":1509,"date":"2022-10-19T09:30:03","date_gmt":"2022-10-19T06:30:03","guid":{"rendered":"https:\/\/www.painotekniikka.com\/taitonews\/?p=1509"},"modified":"2022-11-29T09:04:25","modified_gmt":"2022-11-29T07:04:25","slug":"jarvi-suomen-ja-lapin-makuja-maailmalle","status":"publish","type":"post","link":"https:\/\/www.painotekniikka.com\/taitonews\/lehti2022\/jarvi-suomen-ja-lapin-makuja-maailmalle\/","title":{"rendered":"J\u00e4rvi-Suomen ja Lapin makuja maailmalle"},"content":{"rendered":"<p>Turun ammatti-instituutin ja Raision seudun koulutuskuntayhtym\u00e4n ravintola- ja catering-alan opiskelijoista ja opettajista koostuva tiimi vei suomalaista ruokakulttuuria Lissaboniin lokakuussa 2021.<\/p>\n<p>Portugalin Suomen suurl\u00e4hetyst\u00f6ss\u00e4 Suomi-juhlaviikon aikana j\u00e4rjestetyiss\u00e4 tilaisuuksissa kokeiksi ja tarjoilijoiksi opiskelevat nuoret kestitsiv\u00e4t suurl\u00e4hetyst\u00f6n arvovaltaisia vieraita. Menut edustivat maittemme ruokakulttuurien fuusiota ja hakivat inspiraationsa J\u00e4rvi-Suomen antimista ja Lapin luonnosta.<\/p>\n<p><img loading=\"lazy\" decoding=\"async\" class=\"aligncenter size-full wp-image-1511\" src=\"https:\/\/www.painotekniikka.com\/taitonews\/wp-content\/uploads\/2022\/10\/artikkeli21a.jpg\" alt=\"\" width=\"1920\" height=\"1080\" srcset=\"https:\/\/www.painotekniikka.com\/taitonews\/wp-content\/uploads\/2022\/10\/artikkeli21a.jpg 1920w, https:\/\/www.painotekniikka.com\/taitonews\/wp-content\/uploads\/2022\/10\/artikkeli21a-300x169.jpg 300w, https:\/\/www.painotekniikka.com\/taitonews\/wp-content\/uploads\/2022\/10\/artikkeli21a-1024x576.jpg 1024w, https:\/\/www.painotekniikka.com\/taitonews\/wp-content\/uploads\/2022\/10\/artikkeli21a-768x432.jpg 768w, https:\/\/www.painotekniikka.com\/taitonews\/wp-content\/uploads\/2022\/10\/artikkeli21a-1536x864.jpg 1536w\" sizes=\"auto, (max-width: 1920px) 100vw, 1920px\" \/><\/p>\n<p>\u201cMatka Lissaboniin alkoi. Tunnelma oli j\u00e4nnitt\u00e4v\u00e4, sill\u00e4 kukaan ei viel\u00e4 tiennyt, mit\u00e4 odottaa. Ennen ty\u00f6h\u00f6n ryhtymist\u00e4 vierailimme viinitilalla, jossa tehtiin my\u00f6s omaa oliivi\u00f6ljy\u00e4 moneen tarkoitukseen. Tutustuimme my\u00f6s kaupunkiin, trooppiseen kasvipuistoon sek\u00e4 suuntasimme ihastuttavalle Bairro Alton alueelle.<\/p>\n<p><img loading=\"lazy\" decoding=\"async\" class=\"alignright size-full wp-image-1512\" src=\"https:\/\/www.painotekniikka.com\/taitonews\/wp-content\/uploads\/2022\/10\/artikkeli21b.jpg\" alt=\"\" width=\"350\" height=\"622\" srcset=\"https:\/\/www.painotekniikka.com\/taitonews\/wp-content\/uploads\/2022\/10\/artikkeli21b.jpg 350w, https:\/\/www.painotekniikka.com\/taitonews\/wp-content\/uploads\/2022\/10\/artikkeli21b-169x300.jpg 169w\" sizes=\"auto, (max-width: 350px) 100vw, 350px\" \/>Ty\u00f6viikko alkoi palaverilla suurl\u00e4hettil\u00e4\u00e4n ja konsulien kanssa. Kattaminen seuraavan p\u00e4iv\u00e4n illalliseen alkoi v\u00e4litt\u00f6m\u00e4sti. Mukana olivat kotimets\u00e4n havut, k\u00e4vyt ja varvut!<\/p>\n<p>Ensimm\u00e4isen illallisen kolmen ruokalajin menun aloitimme kylm\u00e4savustetulla kuhalla yhdess\u00e4 savustetun hauenm\u00e4din kanssa. P\u00e4\u00e4ruuaksi tarjoilimme poronfileet\u00e4 kuusenkerkk\u00e4hillon kera, j\u00e4lkiruokana klassinen leip\u00e4juusto Lapin lakan kanssa.<\/p>\n<p>Diplomaattilounaalla p\u00e4iv\u00e4n menuun kuului myskikurpitsakeitto suomalaisten omenoiden kera. P\u00e4\u00e4ruokana ylikyps\u00e4\u00e4 lammasta koivumajoneesin kanssa sek\u00e4 portugalilainen vaniljaleivos pastel de nata suomalaisella twistill\u00e4.<\/p>\n<p>Toisen illallisen aloitimme juomilla ja amuseilla kattoterassilla, p\u00e4\u00e4ruokana vieraat saivat maistaa Kalakukkoa. Viimeisen\u00e4 valmistimme ja tarjoilimme bisneslounaan Portugalin Nokian v\u00e4elle. Lounaan j\u00e4lkeen saimme suurl\u00e4hettil\u00e4\u00e4lt\u00e4 muistoksi lahjakassit. Sitten olikin aika hyv\u00e4stell\u00e4 koko perhe.\u201d<\/p>\n<p>Toisten l\u00e4hdetty\u00e4 takaisin Suomeen Leila ja Vilma j\u00e4iv\u00e4t viel\u00e4 kahdeksi viikoksi harjoittelemaan kahden Michelin-t\u00e4hden ravintola Almaan.<\/p>\n<p>\u201dTy\u00f6yhteis\u00f6 oli j\u00e4rjett\u00f6m\u00e4n yst\u00e4v\u00e4llinen, avulias ja kannustava. P\u00e4\u00e4simme heti viem\u00e4\u00e4n annoksia ja blokkaamaan astioita. Jo ensimm\u00e4isen viikon lopussa ty\u00f6nteko sujui kuin tanssi, ja Leila jo esittelikin muutamia annoksia. Viimeinen viikko meni kuin siivill\u00e4, ja itsevarmuus omaan osaamiseen kasvoi. Kahden Michelin-t\u00e4hden ravintolassa ty\u00f6skenteleminen vaatii paljon henkisesti ja fyysisesti, mutta kokemus oli t\u00e4ysin sen arvoinen.\u201d<\/p>\n<p><img loading=\"lazy\" decoding=\"async\" class=\"alignright size-full wp-image-1513\" src=\"https:\/\/www.painotekniikka.com\/taitonews\/wp-content\/uploads\/2022\/10\/artikkeli21d.jpg\" alt=\"\" width=\"1220\" height=\"1220\" srcset=\"https:\/\/www.painotekniikka.com\/taitonews\/wp-content\/uploads\/2022\/10\/artikkeli21d.jpg 1220w, https:\/\/www.painotekniikka.com\/taitonews\/wp-content\/uploads\/2022\/10\/artikkeli21d-300x300.jpg 300w, https:\/\/www.painotekniikka.com\/taitonews\/wp-content\/uploads\/2022\/10\/artikkeli21d-1024x1024.jpg 1024w, https:\/\/www.painotekniikka.com\/taitonews\/wp-content\/uploads\/2022\/10\/artikkeli21d-150x150.jpg 150w, https:\/\/www.painotekniikka.com\/taitonews\/wp-content\/uploads\/2022\/10\/artikkeli21d-768x768.jpg 768w, https:\/\/www.painotekniikka.com\/taitonews\/wp-content\/uploads\/2022\/10\/artikkeli21d-540x540.jpg 540w\" sizes=\"auto, (max-width: 1220px) 100vw, 1220px\" \/><\/p>\n","protected":false},"excerpt":{"rendered":"<p>Turun ammatti-instituutin ja Raision seudun koulutuskuntayhtym\u00e4n ravintola- ja catering-alan opiskelijoista ja opettajista koostuva tiimi vei suomalaista ruokakulttuuria Lissaboniin lokakuussa 2021. Portugalin Suomen suurl\u00e4hetyst\u00f6ss\u00e4 Suomi-juhlaviikon aikana j\u00e4rjestetyiss\u00e4 tilaisuuksissa kokeiksi ja tarjoilijoiksi opiskelevat nuoret kestitsiv\u00e4t suurl\u00e4hetyst\u00f6n arvovaltaisia vieraita. Menut edustivat maittemme ruokakulttuurien fuusiota ja hakivat inspiraationsa J\u00e4rvi-Suomen antimista ja Lapin luonnosta. \u201cMatka Lissaboniin alkoi. Tunnelma oli j\u00e4nnitt\u00e4v\u00e4, [&hellip;]<\/p>\n","protected":false},"author":1,"featured_media":1510,"comment_status":"open","ping_status":"open","sticky":false,"template":"","format":"standard","meta":{"_monsterinsights_skip_tracking":false,"_monsterinsights_sitenote_active":false,"_monsterinsights_sitenote_note":"","_monsterinsights_sitenote_category":0,"footnotes":""},"categories":[29,72],"tags":[54,53,40],"class_list":["post-1509","post","type-post","status-publish","format-standard","has-post-thumbnail","hentry","category-lehti2022","category-tutkinnot","tag-kansainvalisyys","tag-kilpailu","tag-ravintola-ala"],"yoast_head":"<!-- This site is optimized with the Yoast SEO plugin v27.5 - https:\/\/yoast.com\/product\/yoast-seo-wordpress\/ -->\n<title>J\u00e4rvi-Suomen ja Lapin makuja maailmalle - TAITONEWS<\/title>\n<meta name=\"robots\" content=\"index, follow, max-snippet:-1, max-image-preview:large, max-video-preview:-1\" \/>\n<link rel=\"canonical\" href=\"https:\/\/www.painotekniikka.com\/taitonews\/lehti2022\/jarvi-suomen-ja-lapin-makuja-maailmalle\/\" \/>\n<meta property=\"og:locale\" content=\"fi_FI\" \/>\n<meta property=\"og:type\" content=\"article\" \/>\n<meta property=\"og:title\" content=\"J\u00e4rvi-Suomen ja Lapin makuja maailmalle - TAITONEWS\" \/>\n<meta property=\"og:description\" content=\"Turun ammatti-instituutin ja Raision seudun koulutuskuntayhtym\u00e4n ravintola- ja catering-alan opiskelijoista ja opettajista koostuva tiimi vei suomalaista ruokakulttuuria Lissaboniin lokakuussa 2021. Portugalin Suomen suurl\u00e4hetyst\u00f6ss\u00e4 Suomi-juhlaviikon aikana j\u00e4rjestetyiss\u00e4 tilaisuuksissa kokeiksi ja tarjoilijoiksi opiskelevat nuoret kestitsiv\u00e4t suurl\u00e4hetyst\u00f6n arvovaltaisia vieraita. Menut edustivat maittemme ruokakulttuurien fuusiota ja hakivat inspiraationsa J\u00e4rvi-Suomen antimista ja Lapin luonnosta. \u201cMatka Lissaboniin alkoi. Tunnelma oli j\u00e4nnitt\u00e4v\u00e4, [&hellip;]\" \/>\n<meta property=\"og:url\" content=\"https:\/\/www.painotekniikka.com\/taitonews\/lehti2022\/jarvi-suomen-ja-lapin-makuja-maailmalle\/\" \/>\n<meta property=\"og:site_name\" content=\"TAITONEWS\" \/>\n<meta property=\"article:published_time\" content=\"2022-10-19T06:30:03+00:00\" \/>\n<meta property=\"article:modified_time\" content=\"2022-11-29T07:04:25+00:00\" \/>\n<meta property=\"og:image\" content=\"https:\/\/www.painotekniikka.com\/taitonews\/wp-content\/uploads\/2022\/10\/artikkeli21c.jpg\" \/>\n\t<meta property=\"og:image:width\" content=\"1920\" \/>\n\t<meta property=\"og:image:height\" content=\"1080\" \/>\n\t<meta property=\"og:image:type\" content=\"image\/jpeg\" \/>\n<meta name=\"author\" content=\"admin\" \/>\n<meta name=\"twitter:card\" content=\"summary_large_image\" \/>\n<meta name=\"twitter:label1\" content=\"Kirjoittanut\" \/>\n\t<meta name=\"twitter:data1\" content=\"admin\" \/>\n\t<meta name=\"twitter:label2\" content=\"Arvioitu lukuaika\" \/>\n\t<meta name=\"twitter:data2\" content=\"2 minuuttia\" \/>\n<script type=\"application\/ld+json\" class=\"yoast-schema-graph\">{\"@context\":\"https:\\\/\\\/schema.org\",\"@graph\":[{\"@type\":\"Article\",\"@id\":\"https:\\\/\\\/www.painotekniikka.com\\\/taitonews\\\/lehti2022\\\/jarvi-suomen-ja-lapin-makuja-maailmalle\\\/#article\",\"isPartOf\":{\"@id\":\"https:\\\/\\\/www.painotekniikka.com\\\/taitonews\\\/lehti2022\\\/jarvi-suomen-ja-lapin-makuja-maailmalle\\\/\"},\"author\":{\"name\":\"admin\",\"@id\":\"https:\\\/\\\/www.painotekniikka.com\\\/taitonews\\\/#\\\/schema\\\/person\\\/04e0b5db8e0142cb44e22b9952b3fc6a\"},\"headline\":\"J\u00e4rvi-Suomen ja Lapin makuja maailmalle\",\"datePublished\":\"2022-10-19T06:30:03+00:00\",\"dateModified\":\"2022-11-29T07:04:25+00:00\",\"mainEntityOfPage\":{\"@id\":\"https:\\\/\\\/www.painotekniikka.com\\\/taitonews\\\/lehti2022\\\/jarvi-suomen-ja-lapin-makuja-maailmalle\\\/\"},\"wordCount\":313,\"commentCount\":0,\"image\":{\"@id\":\"https:\\\/\\\/www.painotekniikka.com\\\/taitonews\\\/lehti2022\\\/jarvi-suomen-ja-lapin-makuja-maailmalle\\\/#primaryimage\"},\"thumbnailUrl\":\"https:\\\/\\\/www.painotekniikka.com\\\/taitonews\\\/wp-content\\\/uploads\\\/2022\\\/10\\\/artikkeli21c.jpg\",\"keywords\":[\"kansainv\u00e4lisyys\",\"kilpailu\",\"ravintola-ala\"],\"articleSection\":[\"Lehti2022\",\"Tutkinnot\"],\"inLanguage\":\"fi\",\"potentialAction\":[{\"@type\":\"CommentAction\",\"name\":\"Comment\",\"target\":[\"https:\\\/\\\/www.painotekniikka.com\\\/taitonews\\\/lehti2022\\\/jarvi-suomen-ja-lapin-makuja-maailmalle\\\/#respond\"]}]},{\"@type\":\"WebPage\",\"@id\":\"https:\\\/\\\/www.painotekniikka.com\\\/taitonews\\\/lehti2022\\\/jarvi-suomen-ja-lapin-makuja-maailmalle\\\/\",\"url\":\"https:\\\/\\\/www.painotekniikka.com\\\/taitonews\\\/lehti2022\\\/jarvi-suomen-ja-lapin-makuja-maailmalle\\\/\",\"name\":\"J\u00e4rvi-Suomen ja Lapin makuja maailmalle - TAITONEWS\",\"isPartOf\":{\"@id\":\"https:\\\/\\\/www.painotekniikka.com\\\/taitonews\\\/#website\"},\"primaryImageOfPage\":{\"@id\":\"https:\\\/\\\/www.painotekniikka.com\\\/taitonews\\\/lehti2022\\\/jarvi-suomen-ja-lapin-makuja-maailmalle\\\/#primaryimage\"},\"image\":{\"@id\":\"https:\\\/\\\/www.painotekniikka.com\\\/taitonews\\\/lehti2022\\\/jarvi-suomen-ja-lapin-makuja-maailmalle\\\/#primaryimage\"},\"thumbnailUrl\":\"https:\\\/\\\/www.painotekniikka.com\\\/taitonews\\\/wp-content\\\/uploads\\\/2022\\\/10\\\/artikkeli21c.jpg\",\"datePublished\":\"2022-10-19T06:30:03+00:00\",\"dateModified\":\"2022-11-29T07:04:25+00:00\",\"author\":{\"@id\":\"https:\\\/\\\/www.painotekniikka.com\\\/taitonews\\\/#\\\/schema\\\/person\\\/04e0b5db8e0142cb44e22b9952b3fc6a\"},\"breadcrumb\":{\"@id\":\"https:\\\/\\\/www.painotekniikka.com\\\/taitonews\\\/lehti2022\\\/jarvi-suomen-ja-lapin-makuja-maailmalle\\\/#breadcrumb\"},\"inLanguage\":\"fi\",\"potentialAction\":[{\"@type\":\"ReadAction\",\"target\":[\"https:\\\/\\\/www.painotekniikka.com\\\/taitonews\\\/lehti2022\\\/jarvi-suomen-ja-lapin-makuja-maailmalle\\\/\"]}]},{\"@type\":\"ImageObject\",\"inLanguage\":\"fi\",\"@id\":\"https:\\\/\\\/www.painotekniikka.com\\\/taitonews\\\/lehti2022\\\/jarvi-suomen-ja-lapin-makuja-maailmalle\\\/#primaryimage\",\"url\":\"https:\\\/\\\/www.painotekniikka.com\\\/taitonews\\\/wp-content\\\/uploads\\\/2022\\\/10\\\/artikkeli21c.jpg\",\"contentUrl\":\"https:\\\/\\\/www.painotekniikka.com\\\/taitonews\\\/wp-content\\\/uploads\\\/2022\\\/10\\\/artikkeli21c.jpg\",\"width\":1920,\"height\":1080},{\"@type\":\"BreadcrumbList\",\"@id\":\"https:\\\/\\\/www.painotekniikka.com\\\/taitonews\\\/lehti2022\\\/jarvi-suomen-ja-lapin-makuja-maailmalle\\\/#breadcrumb\",\"itemListElement\":[{\"@type\":\"ListItem\",\"position\":1,\"name\":\"Etusivu\",\"item\":\"https:\\\/\\\/www.painotekniikka.com\\\/taitonews\\\/\"},{\"@type\":\"ListItem\",\"position\":2,\"name\":\"J\u00e4rvi-Suomen ja Lapin makuja maailmalle\"}]},{\"@type\":\"WebSite\",\"@id\":\"https:\\\/\\\/www.painotekniikka.com\\\/taitonews\\\/#website\",\"url\":\"https:\\\/\\\/www.painotekniikka.com\\\/taitonews\\\/\",\"name\":\"TAITONEWS\",\"description\":\"Ammatillisen koulutuksen arkea TAIn koulutaloissa ja yhteisyrityksiss&auml;.\",\"potentialAction\":[{\"@type\":\"SearchAction\",\"target\":{\"@type\":\"EntryPoint\",\"urlTemplate\":\"https:\\\/\\\/www.painotekniikka.com\\\/taitonews\\\/?s={search_term_string}\"},\"query-input\":{\"@type\":\"PropertyValueSpecification\",\"valueRequired\":true,\"valueName\":\"search_term_string\"}}],\"inLanguage\":\"fi\"},{\"@type\":\"Person\",\"@id\":\"https:\\\/\\\/www.painotekniikka.com\\\/taitonews\\\/#\\\/schema\\\/person\\\/04e0b5db8e0142cb44e22b9952b3fc6a\",\"name\":\"admin\",\"image\":{\"@type\":\"ImageObject\",\"inLanguage\":\"fi\",\"@id\":\"https:\\\/\\\/secure.gravatar.com\\\/avatar\\\/c6825509030215d5431286691c67ff194b8193ec90dedf5797c0c9eebdd72cfd?s=96&d=mm&r=g\",\"url\":\"https:\\\/\\\/secure.gravatar.com\\\/avatar\\\/c6825509030215d5431286691c67ff194b8193ec90dedf5797c0c9eebdd72cfd?s=96&d=mm&r=g\",\"contentUrl\":\"https:\\\/\\\/secure.gravatar.com\\\/avatar\\\/c6825509030215d5431286691c67ff194b8193ec90dedf5797c0c9eebdd72cfd?s=96&d=mm&r=g\",\"caption\":\"admin\"},\"sameAs\":[\"http:\\\/\\\/www.painotekniikka.com\\\/taitonews\"],\"url\":\"https:\\\/\\\/www.painotekniikka.com\\\/taitonews\\\/author\\\/admin\\\/\"}]}<\/script>\n<!-- \/ Yoast SEO plugin. -->","yoast_head_json":{"title":"J\u00e4rvi-Suomen ja Lapin makuja maailmalle - TAITONEWS","robots":{"index":"index","follow":"follow","max-snippet":"max-snippet:-1","max-image-preview":"max-image-preview:large","max-video-preview":"max-video-preview:-1"},"canonical":"https:\/\/www.painotekniikka.com\/taitonews\/lehti2022\/jarvi-suomen-ja-lapin-makuja-maailmalle\/","og_locale":"fi_FI","og_type":"article","og_title":"J\u00e4rvi-Suomen ja Lapin makuja maailmalle - TAITONEWS","og_description":"Turun ammatti-instituutin ja Raision seudun koulutuskuntayhtym\u00e4n ravintola- ja catering-alan opiskelijoista ja opettajista koostuva tiimi vei suomalaista ruokakulttuuria Lissaboniin lokakuussa 2021. Portugalin Suomen suurl\u00e4hetyst\u00f6ss\u00e4 Suomi-juhlaviikon aikana j\u00e4rjestetyiss\u00e4 tilaisuuksissa kokeiksi ja tarjoilijoiksi opiskelevat nuoret kestitsiv\u00e4t suurl\u00e4hetyst\u00f6n arvovaltaisia vieraita. Menut edustivat maittemme ruokakulttuurien fuusiota ja hakivat inspiraationsa J\u00e4rvi-Suomen antimista ja Lapin luonnosta. \u201cMatka Lissaboniin alkoi. Tunnelma oli j\u00e4nnitt\u00e4v\u00e4, [&hellip;]","og_url":"https:\/\/www.painotekniikka.com\/taitonews\/lehti2022\/jarvi-suomen-ja-lapin-makuja-maailmalle\/","og_site_name":"TAITONEWS","article_published_time":"2022-10-19T06:30:03+00:00","article_modified_time":"2022-11-29T07:04:25+00:00","og_image":[{"width":1920,"height":1080,"url":"https:\/\/www.painotekniikka.com\/taitonews\/wp-content\/uploads\/2022\/10\/artikkeli21c.jpg","type":"image\/jpeg"}],"author":"admin","twitter_card":"summary_large_image","twitter_misc":{"Kirjoittanut":"admin","Arvioitu lukuaika":"2 minuuttia"},"schema":{"@context":"https:\/\/schema.org","@graph":[{"@type":"Article","@id":"https:\/\/www.painotekniikka.com\/taitonews\/lehti2022\/jarvi-suomen-ja-lapin-makuja-maailmalle\/#article","isPartOf":{"@id":"https:\/\/www.painotekniikka.com\/taitonews\/lehti2022\/jarvi-suomen-ja-lapin-makuja-maailmalle\/"},"author":{"name":"admin","@id":"https:\/\/www.painotekniikka.com\/taitonews\/#\/schema\/person\/04e0b5db8e0142cb44e22b9952b3fc6a"},"headline":"J\u00e4rvi-Suomen ja Lapin makuja maailmalle","datePublished":"2022-10-19T06:30:03+00:00","dateModified":"2022-11-29T07:04:25+00:00","mainEntityOfPage":{"@id":"https:\/\/www.painotekniikka.com\/taitonews\/lehti2022\/jarvi-suomen-ja-lapin-makuja-maailmalle\/"},"wordCount":313,"commentCount":0,"image":{"@id":"https:\/\/www.painotekniikka.com\/taitonews\/lehti2022\/jarvi-suomen-ja-lapin-makuja-maailmalle\/#primaryimage"},"thumbnailUrl":"https:\/\/www.painotekniikka.com\/taitonews\/wp-content\/uploads\/2022\/10\/artikkeli21c.jpg","keywords":["kansainv\u00e4lisyys","kilpailu","ravintola-ala"],"articleSection":["Lehti2022","Tutkinnot"],"inLanguage":"fi","potentialAction":[{"@type":"CommentAction","name":"Comment","target":["https:\/\/www.painotekniikka.com\/taitonews\/lehti2022\/jarvi-suomen-ja-lapin-makuja-maailmalle\/#respond"]}]},{"@type":"WebPage","@id":"https:\/\/www.painotekniikka.com\/taitonews\/lehti2022\/jarvi-suomen-ja-lapin-makuja-maailmalle\/","url":"https:\/\/www.painotekniikka.com\/taitonews\/lehti2022\/jarvi-suomen-ja-lapin-makuja-maailmalle\/","name":"J\u00e4rvi-Suomen ja Lapin makuja maailmalle - TAITONEWS","isPartOf":{"@id":"https:\/\/www.painotekniikka.com\/taitonews\/#website"},"primaryImageOfPage":{"@id":"https:\/\/www.painotekniikka.com\/taitonews\/lehti2022\/jarvi-suomen-ja-lapin-makuja-maailmalle\/#primaryimage"},"image":{"@id":"https:\/\/www.painotekniikka.com\/taitonews\/lehti2022\/jarvi-suomen-ja-lapin-makuja-maailmalle\/#primaryimage"},"thumbnailUrl":"https:\/\/www.painotekniikka.com\/taitonews\/wp-content\/uploads\/2022\/10\/artikkeli21c.jpg","datePublished":"2022-10-19T06:30:03+00:00","dateModified":"2022-11-29T07:04:25+00:00","author":{"@id":"https:\/\/www.painotekniikka.com\/taitonews\/#\/schema\/person\/04e0b5db8e0142cb44e22b9952b3fc6a"},"breadcrumb":{"@id":"https:\/\/www.painotekniikka.com\/taitonews\/lehti2022\/jarvi-suomen-ja-lapin-makuja-maailmalle\/#breadcrumb"},"inLanguage":"fi","potentialAction":[{"@type":"ReadAction","target":["https:\/\/www.painotekniikka.com\/taitonews\/lehti2022\/jarvi-suomen-ja-lapin-makuja-maailmalle\/"]}]},{"@type":"ImageObject","inLanguage":"fi","@id":"https:\/\/www.painotekniikka.com\/taitonews\/lehti2022\/jarvi-suomen-ja-lapin-makuja-maailmalle\/#primaryimage","url":"https:\/\/www.painotekniikka.com\/taitonews\/wp-content\/uploads\/2022\/10\/artikkeli21c.jpg","contentUrl":"https:\/\/www.painotekniikka.com\/taitonews\/wp-content\/uploads\/2022\/10\/artikkeli21c.jpg","width":1920,"height":1080},{"@type":"BreadcrumbList","@id":"https:\/\/www.painotekniikka.com\/taitonews\/lehti2022\/jarvi-suomen-ja-lapin-makuja-maailmalle\/#breadcrumb","itemListElement":[{"@type":"ListItem","position":1,"name":"Etusivu","item":"https:\/\/www.painotekniikka.com\/taitonews\/"},{"@type":"ListItem","position":2,"name":"J\u00e4rvi-Suomen ja Lapin makuja maailmalle"}]},{"@type":"WebSite","@id":"https:\/\/www.painotekniikka.com\/taitonews\/#website","url":"https:\/\/www.painotekniikka.com\/taitonews\/","name":"TAITONEWS","description":"Ammatillisen koulutuksen arkea TAIn koulutaloissa ja yhteisyrityksiss&auml;.","potentialAction":[{"@type":"SearchAction","target":{"@type":"EntryPoint","urlTemplate":"https:\/\/www.painotekniikka.com\/taitonews\/?s={search_term_string}"},"query-input":{"@type":"PropertyValueSpecification","valueRequired":true,"valueName":"search_term_string"}}],"inLanguage":"fi"},{"@type":"Person","@id":"https:\/\/www.painotekniikka.com\/taitonews\/#\/schema\/person\/04e0b5db8e0142cb44e22b9952b3fc6a","name":"admin","image":{"@type":"ImageObject","inLanguage":"fi","@id":"https:\/\/secure.gravatar.com\/avatar\/c6825509030215d5431286691c67ff194b8193ec90dedf5797c0c9eebdd72cfd?s=96&d=mm&r=g","url":"https:\/\/secure.gravatar.com\/avatar\/c6825509030215d5431286691c67ff194b8193ec90dedf5797c0c9eebdd72cfd?s=96&d=mm&r=g","contentUrl":"https:\/\/secure.gravatar.com\/avatar\/c6825509030215d5431286691c67ff194b8193ec90dedf5797c0c9eebdd72cfd?s=96&d=mm&r=g","caption":"admin"},"sameAs":["http:\/\/www.painotekniikka.com\/taitonews"],"url":"https:\/\/www.painotekniikka.com\/taitonews\/author\/admin\/"}]}},"_links":{"self":[{"href":"https:\/\/www.painotekniikka.com\/taitonews\/wp-json\/wp\/v2\/posts\/1509","targetHints":{"allow":["GET"]}}],"collection":[{"href":"https:\/\/www.painotekniikka.com\/taitonews\/wp-json\/wp\/v2\/posts"}],"about":[{"href":"https:\/\/www.painotekniikka.com\/taitonews\/wp-json\/wp\/v2\/types\/post"}],"author":[{"embeddable":true,"href":"https:\/\/www.painotekniikka.com\/taitonews\/wp-json\/wp\/v2\/users\/1"}],"replies":[{"embeddable":true,"href":"https:\/\/www.painotekniikka.com\/taitonews\/wp-json\/wp\/v2\/comments?post=1509"}],"version-history":[{"count":2,"href":"https:\/\/www.painotekniikka.com\/taitonews\/wp-json\/wp\/v2\/posts\/1509\/revisions"}],"predecessor-version":[{"id":1515,"href":"https:\/\/www.painotekniikka.com\/taitonews\/wp-json\/wp\/v2\/posts\/1509\/revisions\/1515"}],"wp:featuredmedia":[{"embeddable":true,"href":"https:\/\/www.painotekniikka.com\/taitonews\/wp-json\/wp\/v2\/media\/1510"}],"wp:attachment":[{"href":"https:\/\/www.painotekniikka.com\/taitonews\/wp-json\/wp\/v2\/media?parent=1509"}],"wp:term":[{"taxonomy":"category","embeddable":true,"href":"https:\/\/www.painotekniikka.com\/taitonews\/wp-json\/wp\/v2\/categories?post=1509"},{"taxonomy":"post_tag","embeddable":true,"href":"https:\/\/www.painotekniikka.com\/taitonews\/wp-json\/wp\/v2\/tags?post=1509"}],"curies":[{"name":"wp","href":"https:\/\/api.w.org\/{rel}","templated":true}]}}