{"id":1429,"date":"2022-10-18T07:02:11","date_gmt":"2022-10-18T04:02:11","guid":{"rendered":"https:\/\/www.painotekniikka.com\/taitonews\/?p=1429"},"modified":"2022-11-29T09:07:20","modified_gmt":"2022-11-29T07:07:20","slug":"fc-inter-kantaa-nuorista-vastuuta","status":"publish","type":"post","link":"https:\/\/www.painotekniikka.com\/taitonews\/lehti2022\/fc-inter-kantaa-nuorista-vastuuta\/","title":{"rendered":"FC Inter kantaa nuorista vastuuta"},"content":{"rendered":"<p><img loading=\"lazy\" decoding=\"async\" class=\"alignnone size-full wp-image-1430\" src=\"https:\/\/www.painotekniikka.com\/taitonews\/wp-content\/uploads\/2022\/10\/artikkeli40b.jpg\" alt=\"\" width=\"1920\" height=\"1857\" srcset=\"https:\/\/www.painotekniikka.com\/taitonews\/wp-content\/uploads\/2022\/10\/artikkeli40b.jpg 1920w, https:\/\/www.painotekniikka.com\/taitonews\/wp-content\/uploads\/2022\/10\/artikkeli40b-300x290.jpg 300w, https:\/\/www.painotekniikka.com\/taitonews\/wp-content\/uploads\/2022\/10\/artikkeli40b-1024x990.jpg 1024w, https:\/\/www.painotekniikka.com\/taitonews\/wp-content\/uploads\/2022\/10\/artikkeli40b-768x743.jpg 768w, https:\/\/www.painotekniikka.com\/taitonews\/wp-content\/uploads\/2022\/10\/artikkeli40b-1536x1486.jpg 1536w\" sizes=\"auto, (max-width: 1920px) 100vw, 1920px\" \/><\/p>\n<p>TAI ja FC Inter tekev\u00e4t yritysyhteisty\u00f6t\u00e4. Se on kumppanuutta, josta molemmat hy\u00f6tyv\u00e4t. Yhteisty\u00f6 mahdollistaa urheilun ja opiskelun yhdist\u00e4misen niin junioreiden kuin my\u00f6s aikuisten edustusjoukkuepelaajien tasolla.<\/p>\n<p>\u2013\u2009Jos pystymme antamaan hyv\u00e4\u00e4 opiskelijamateriaalia Turun ammatti-instituuttiin, on tilanne molemmille win\u2013win. TAI tukee my\u00f6s markkinointiyhteisty\u00f6sopimuksella edustusjoukkuettamme, kertoo yhteisty\u00f6st\u00e4 FC Interin urheilutoimenjohtaja Jani Meril\u00e4inen.<\/p>\n<blockquote><p>El\u00e4m\u00e4 on suurempi kokonaisuus kuin vain pallo ja kentt\u00e4.<\/p><\/blockquote>\n<p>Turun kaupungin leiviss\u00e4 nuoria ty\u00f6el\u00e4m\u00e4lehtorina luotsaava Matti Raho tuntee Interin kuin taskunsa. H\u00e4n oli k\u00e4ynnist\u00e4m\u00e4ss\u00e4 jalkapalloseuran junioritoimintaa 1990-luvulla ja on toiminut pitk\u00e4\u00e4n my\u00f6s valmentajana. Raho kiert\u00e4\u00e4 yl\u00e4kouluissa kertomassa nuorille eri koulutusvaihtoehdoista ja auttaa my\u00f6s Interin junnuja l\u00f6yt\u00e4m\u00e4\u00e4n itse\u00e4 kiinnostavan opiskelupaikan.<\/p>\n<p>\u2013\u2009On t\u00e4rke\u00e4\u00e4, ett\u00e4 my\u00f6s vanhemmat tiet\u00e4v\u00e4t urheilun ja koulun yhdist\u00e4misen olevan mahdollista, ammatillisessa koulutuksessa opettajanakin ty\u00f6skennellyt Raho korostaa.<\/p>\n<h4>Aamuharjoitusten kautta kouluun<\/h4>\n<p>TAIn futaajaopiskelijoilla on koulusta lupa treenata aamuisin kaksi kertaa viikossa. Aamuharjoittelun toivotaan olevan tulevaisuudessa mahdollista my\u00f6s ty\u00f6el\u00e4m\u00e4jaksojen aikana.<\/p>\n<p><img loading=\"lazy\" decoding=\"async\" class=\"alignright wp-image-1432\" src=\"https:\/\/www.painotekniikka.com\/taitonews\/wp-content\/uploads\/2022\/10\/artikkeli40c-scaled.jpg\" alt=\"\" width=\"320\" height=\"480\" srcset=\"https:\/\/www.painotekniikka.com\/taitonews\/wp-content\/uploads\/2022\/10\/artikkeli40c-scaled.jpg 1707w, https:\/\/www.painotekniikka.com\/taitonews\/wp-content\/uploads\/2022\/10\/artikkeli40c-200x300.jpg 200w, https:\/\/www.painotekniikka.com\/taitonews\/wp-content\/uploads\/2022\/10\/artikkeli40c-683x1024.jpg 683w, https:\/\/www.painotekniikka.com\/taitonews\/wp-content\/uploads\/2022\/10\/artikkeli40c-768x1152.jpg 768w, https:\/\/www.painotekniikka.com\/taitonews\/wp-content\/uploads\/2022\/10\/artikkeli40c-1024x1536.jpg 1024w, https:\/\/www.painotekniikka.com\/taitonews\/wp-content\/uploads\/2022\/10\/artikkeli40c-1365x2048.jpg 1365w\" sizes=\"auto, (max-width: 320px) 100vw, 320px\" \/>\u2013\u2009Itsell\u00e4ni oli kauan sitten ongelmana, miten aamuharjoittelun sai yhdistetty\u00e4 ty\u00f6ss\u00e4oppimisjaksoihin, myynnin ja asiakaspalvelun perustutkinnon Rovaniemen hotelli- ja ravintolaoppilaitoksessa suorittanut Meril\u00e4inen kertoo.<\/p>\n<p>\u2013\u2009Ty\u00f6harjoittelujakso koulun ravintolan leipomossa oli ainoa tapa, joka mahdollisti jalkapalloharjoitteluni. Olimme leipurin kanssa t\u00f6iss\u00e4 jo nelj\u00e4lt\u00e4 aamulla, jotta ehdin puolilta p\u00e4ivin harjoituksiin, muistelee Meril\u00e4inen, joka kouluttautui my\u00f6hemmin viel\u00e4 restonomiksi Turun ammattikorkeakoulussa.<\/p>\n<p>\u2013\u2009Olen k\u00e4velev\u00e4 esimerkki siit\u00e4, ett\u00e4 peliurani aikana sain tehty\u00e4 kaksikin tutkintoa, Rovaniemen Palloseurassa, FC Interiss\u00e4 ja KTP:ssa Veikkausliigassa maalivahtina pelannut Meril\u00e4inen kannustaa.<\/p>\n<p>Ammatti-instituutilla ja FC Interill\u00e4 on laaja rinki yhteisty\u00f6yrityksi\u00e4, jotka ymm\u00e4rt\u00e4v\u00e4t opiskelevan urheilijan haasteet.<\/p>\n<p>\u2013\u2009On meik\u00e4l\u00e4isen hommaa potkia nuoria takapuoleen, ett\u00e4 hoidatte ty\u00f6el\u00e4m\u00e4jaksot kunnialla. Eih\u00e4n yrityksill\u00e4 t\u00e4n\u00e4 p\u00e4iv\u00e4n\u00e4 ole varaa pit\u00e4\u00e4 sellaisia, jotka menev\u00e4t miten sattuu, toteaa Raho.<\/p>\n<p>Veikkausliigan parhaatkaan pelaajat eiv\u00e4t voi tiet\u00e4\u00e4 varmasti, milloin urheilu-ura p\u00e4\u00e4ttyy. Ty\u00f6ura ja mahdolliset jatko-opinnot on hyv\u00e4 pit\u00e4\u00e4 takataskussa.<\/p>\n<p>\u2013\u2009V\u00e4it\u00e4n ett\u00e4 urheilun puolelta ja joukkueurheilulajeista tulee kirsikkaa kakun p\u00e4\u00e4lle eli tosi hyvi\u00e4 tulevaisuuden ty\u00f6ntekij\u00f6it\u00e4, antaa Meril\u00e4inen vinkin ty\u00f6voimaa rekrytoiville yritysjohtajille.<\/p>\n<h4>InterAction \u2013 yhteiskuntavastuuta<\/h4>\n<p>FC Interin InterAction on yhteis\u00f6llist\u00e4 toimintaa ja tekoja yhteiseksi hyv\u00e4ksi. Se auttaa kodin, harrastamisen ja koulunk\u00e4ynnin yhdist\u00e4misess\u00e4.<\/p>\n<p>\u2013\u2009Inter haluaa ottaa kokonaisvaltaisempaa vastuuta meid\u00e4n nuorista pelaajistamme ja my\u00f6s nuorista, jotka eiv\u00e4t kuulu seuraan, korostaa Meril\u00e4inen.<\/p>\n<blockquote><p>InterAction on yhteis\u00f6llist\u00e4 toimintaa ja tekoja yhteiseksi hyv\u00e4ksi.<\/p><\/blockquote>\n<p>Seura tarjoaa jalkapalloa mahdollisimman monelle.<\/p>\n<p>\u2013\u2009Nyky\u00e4\u00e4n harrastamisen kustannukset nousevat tajuttoman korkeiksi. Haluamme InterActionilla madaltaa harrastamisen kynnyst\u00e4 ja hankkia seuralle rahaa, ettei maksuja tarvitse korottaa. Seurassa on my\u00f6s tukirahasto, josta henkil\u00f6t ja perheet voivat hakea tukea, jos kokevat siihen tarvetta.<\/p>\n<h4>L\u00e4ksyparkki ja ilmaisia treenej\u00e4<\/h4>\n<p>Inter j\u00e4rjest\u00e4\u00e4 ilmaisia jalkapallotapahtumia, L\u00e4ksyparkin ja ammatinvalinnanohjausta pelaajille. Yl\u00e4kouluik\u00e4isten kanssa keskustellaan edess\u00e4 olevista opintovalinnoista.<\/p>\n<p>\u2013\u2009Vaikka he eiv\u00e4t ajattele viel\u00e4 uran j\u00e4lkeist\u00e4 el\u00e4m\u00e4\u00e4, el\u00e4m\u00e4nhallinnan kautta varaudut yll\u00e4tt\u00e4viin muutoksiin. Nostamme esiin kent\u00e4n ulkopuolisia asioita. El\u00e4m\u00e4 on suurempi kokonaisuus kuin vain pallo ja kentt\u00e4, Meril\u00e4inen t\u00e4hdent\u00e4\u00e4.<\/p>\n<p><img loading=\"lazy\" decoding=\"async\" class=\"alignnone size-full wp-image-1433\" src=\"https:\/\/www.painotekniikka.com\/taitonews\/wp-content\/uploads\/2022\/10\/artikkeli40d.jpg\" alt=\"\" width=\"1920\" height=\"1280\" srcset=\"https:\/\/www.painotekniikka.com\/taitonews\/wp-content\/uploads\/2022\/10\/artikkeli40d.jpg 1920w, https:\/\/www.painotekniikka.com\/taitonews\/wp-content\/uploads\/2022\/10\/artikkeli40d-300x200.jpg 300w, https:\/\/www.painotekniikka.com\/taitonews\/wp-content\/uploads\/2022\/10\/artikkeli40d-1024x683.jpg 1024w, https:\/\/www.painotekniikka.com\/taitonews\/wp-content\/uploads\/2022\/10\/artikkeli40d-768x512.jpg 768w, https:\/\/www.painotekniikka.com\/taitonews\/wp-content\/uploads\/2022\/10\/artikkeli40d-1536x1024.jpg 1536w\" sizes=\"auto, (max-width: 1920px) 100vw, 1920px\" \/><\/p>\n<p>\u2013\u2009Toivomme Veritas Stadionin olevan paikka, jonne voi tulla, vaikkei kuuluisi seuraan. Arki-iltap\u00e4ivisin toimiva L\u00e4ksyparkki on avoin ihan jokaiselle, se vaatii vain etuk\u00e4teisilmoittautumisen. Kaikki eiv\u00e4t aina saa kotoa tukea ja haluamme auttaa t\u00e4ss\u00e4. Tarpeen vaatiessa on eri kielill\u00e4kin saatavilla ohjausta, h\u00e4n jatkaa.<\/p>\n<p>Turku Energia Areenalla vedet\u00e4\u00e4n tiistai-iltap\u00e4ivisin kaikille avoimet, maksuttomat futistreenit. Jatkossa harrastetaan my\u00f6s muita urheilulajeja kuten frisbeegolfia.<\/p>\n<p>\u2013\u2009Sinne vaan mukaan. Ja jos urheilu ei kiinnosta, on siell\u00e4 aina paikalla aikuisia ohjaajia. Joku voi kaivata pelk\u00e4st\u00e4\u00e4n juttuseuraa, Meril\u00e4inen rohkaisee.<\/p>\n<h4>Perhe- ja eskarifutista tyt\u00f6ille ja pojille<\/h4>\n<p>Interin tytt\u00f6jen futisvalmentajat kiert\u00e4v\u00e4t j\u00e4rjest\u00e4m\u00e4ss\u00e4 tapahtumia perheille ja p\u00e4iv\u00e4kotien lapsille. Perhefutis liikuttaa perheen pienimpi\u00e4 ja on mukavaa yhdess\u00e4 tekemist\u00e4.<\/p>\n<p>Ensimm\u00e4ist\u00e4 kertaa FC Interin seurahistoriassa muodostetaan joukkue my\u00f6s tyt\u00f6ille. Pelaajat ovat kasvaneet joukkueeseen perhe- ja eskarifutiksen kautta.<\/p>\n<p>\u2013\u2009Naisten futis ei ole aikuistasolla ollut yht\u00e4 ammattimaista kuin miesten, mutta alkaa menestysten my\u00f6t\u00e4 nousta. Pikkuhiljaa l\u00e4hdet\u00e4\u00e4n my\u00f6s Interiss\u00e4 toimintaa kasvattamaan, Meril\u00e4inen lupaa.<\/p>\n<h4>Jalkapallo liikuttaa suurinta joukkoa<\/h4>\n<p>\u2013\u2009Liikkumattomuushan on aikapommi, joka tulee r\u00e4j\u00e4ht\u00e4m\u00e4\u00e4n. Jos pystymme InterAction-toiminnalla iskostamaan lapsiin ja nuoriin liikunnallisen el\u00e4m\u00e4ntavan loppuel\u00e4m\u00e4ksi, v\u00e4it\u00e4n ett\u00e4 yhteiskunta kiitt\u00e4\u00e4, sanoo Meril\u00e4inen.<\/p>\n<p>FC Interin ik\u00e4luokissa pelaa yhteens\u00e4 noin 500 junioria. Moni junnu liitt\u00e4\u00e4 jalkapalloon isoja unelmia. Meril\u00e4inen on realisti:<\/p>\n<p>\u2013\u2009Jos ik\u00e4luokasta nousee yksi pelaaja edustusjoukkueeseen, on suoriuduttu hyvin. Jos tosi hyvin \u2013 nousee kaksi, ehk\u00e4 kolme. Olisi edesvastuutonta olla v\u00e4litt\u00e4m\u00e4tt\u00e4 niist\u00e4 muista. Jokainen pelaaja on meille ihan yht\u00e4 t\u00e4rke\u00e4.<\/p>\n<p>Kilpaseurana FC Inter haluaa antaa mahdollisuuden absoluuttiselle huipulle haluaville pelaajille.<br \/>\n\u2013\u2009My\u00f6s heille toitotamme koulunk\u00e4ynnin merkityst\u00e4. Haluamme, ett\u00e4 nuoret pystyv\u00e4t tavoittelemaan omia unelmiaan, kaikilla ne eiv\u00e4t kuitenkaan liity jalkapalloon, kiteytt\u00e4\u00e4 Meril\u00e4inen.<\/p>\n<p><em>TEKSTI Lea Froloff<br \/>\nKUVAT Lea Froloff ja Xavier Wong <\/em><\/p>\n","protected":false},"excerpt":{"rendered":"<p>TAI ja FC Inter tekev\u00e4t yritysyhteisty\u00f6t\u00e4. Se on kumppanuutta, josta molemmat hy\u00f6tyv\u00e4t. Yhteisty\u00f6 mahdollistaa urheilun ja opiskelun yhdist\u00e4misen niin junioreiden kuin my\u00f6s aikuisten edustusjoukkuepelaajien tasolla. \u2013\u2009Jos pystymme antamaan hyv\u00e4\u00e4 opiskelijamateriaalia Turun ammatti-instituuttiin, on tilanne molemmille win\u2013win. TAI tukee my\u00f6s markkinointiyhteisty\u00f6sopimuksella edustusjoukkuettamme, kertoo yhteisty\u00f6st\u00e4 FC Interin urheilutoimenjohtaja Jani Meril\u00e4inen. El\u00e4m\u00e4 on suurempi kokonaisuus kuin vain pallo [&hellip;]<\/p>\n","protected":false},"author":1,"featured_media":1433,"comment_status":"open","ping_status":"open","sticky":false,"template":"","format":"standard","meta":{"_monsterinsights_skip_tracking":false,"_monsterinsights_sitenote_active":false,"_monsterinsights_sitenote_note":"","_monsterinsights_sitenote_category":0,"footnotes":""},"categories":[29,71],"tags":[38,37,39],"class_list":["post-1429","post","type-post","status-publish","format-standard","has-post-thumbnail","hentry","category-lehti2022","category-yhteistyo","tag-hyvinvointi","tag-liikunta","tag-yhteistyo"],"yoast_head":"<!-- This site is optimized with the Yoast SEO plugin v27.5 - https:\/\/yoast.com\/product\/yoast-seo-wordpress\/ -->\n<title>FC Inter kantaa nuorista vastuuta - TAITONEWS<\/title>\n<meta name=\"robots\" content=\"index, follow, max-snippet:-1, max-image-preview:large, max-video-preview:-1\" \/>\n<link rel=\"canonical\" href=\"https:\/\/www.painotekniikka.com\/taitonews\/lehti2022\/fc-inter-kantaa-nuorista-vastuuta\/\" \/>\n<meta property=\"og:locale\" content=\"fi_FI\" \/>\n<meta property=\"og:type\" content=\"article\" \/>\n<meta property=\"og:title\" content=\"FC Inter kantaa nuorista vastuuta - TAITONEWS\" \/>\n<meta property=\"og:description\" content=\"TAI ja FC Inter tekev\u00e4t yritysyhteisty\u00f6t\u00e4. Se on kumppanuutta, josta molemmat hy\u00f6tyv\u00e4t. Yhteisty\u00f6 mahdollistaa urheilun ja opiskelun yhdist\u00e4misen niin junioreiden kuin my\u00f6s aikuisten edustusjoukkuepelaajien tasolla. \u2013\u2009Jos pystymme antamaan hyv\u00e4\u00e4 opiskelijamateriaalia Turun ammatti-instituuttiin, on tilanne molemmille win\u2013win. TAI tukee my\u00f6s markkinointiyhteisty\u00f6sopimuksella edustusjoukkuettamme, kertoo yhteisty\u00f6st\u00e4 FC Interin urheilutoimenjohtaja Jani Meril\u00e4inen. El\u00e4m\u00e4 on suurempi kokonaisuus kuin vain pallo [&hellip;]\" \/>\n<meta property=\"og:url\" content=\"https:\/\/www.painotekniikka.com\/taitonews\/lehti2022\/fc-inter-kantaa-nuorista-vastuuta\/\" \/>\n<meta property=\"og:site_name\" content=\"TAITONEWS\" \/>\n<meta property=\"article:published_time\" content=\"2022-10-18T04:02:11+00:00\" \/>\n<meta property=\"article:modified_time\" content=\"2022-11-29T07:07:20+00:00\" \/>\n<meta property=\"og:image\" content=\"https:\/\/www.painotekniikka.com\/taitonews\/wp-content\/uploads\/2022\/10\/artikkeli40d.jpg\" \/>\n\t<meta property=\"og:image:width\" content=\"1920\" \/>\n\t<meta property=\"og:image:height\" content=\"1280\" \/>\n\t<meta property=\"og:image:type\" content=\"image\/jpeg\" \/>\n<meta name=\"author\" content=\"admin\" \/>\n<meta name=\"twitter:card\" content=\"summary_large_image\" \/>\n<meta name=\"twitter:label1\" content=\"Kirjoittanut\" \/>\n\t<meta name=\"twitter:data1\" content=\"admin\" \/>\n\t<meta name=\"twitter:label2\" content=\"Arvioitu lukuaika\" \/>\n\t<meta name=\"twitter:data2\" content=\"4 minuuttia\" \/>\n<script type=\"application\/ld+json\" class=\"yoast-schema-graph\">{\"@context\":\"https:\\\/\\\/schema.org\",\"@graph\":[{\"@type\":\"Article\",\"@id\":\"https:\\\/\\\/www.painotekniikka.com\\\/taitonews\\\/lehti2022\\\/fc-inter-kantaa-nuorista-vastuuta\\\/#article\",\"isPartOf\":{\"@id\":\"https:\\\/\\\/www.painotekniikka.com\\\/taitonews\\\/lehti2022\\\/fc-inter-kantaa-nuorista-vastuuta\\\/\"},\"author\":{\"name\":\"admin\",\"@id\":\"https:\\\/\\\/www.painotekniikka.com\\\/taitonews\\\/#\\\/schema\\\/person\\\/04e0b5db8e0142cb44e22b9952b3fc6a\"},\"headline\":\"FC Inter kantaa nuorista vastuuta\",\"datePublished\":\"2022-10-18T04:02:11+00:00\",\"dateModified\":\"2022-11-29T07:07:20+00:00\",\"mainEntityOfPage\":{\"@id\":\"https:\\\/\\\/www.painotekniikka.com\\\/taitonews\\\/lehti2022\\\/fc-inter-kantaa-nuorista-vastuuta\\\/\"},\"wordCount\":829,\"commentCount\":0,\"image\":{\"@id\":\"https:\\\/\\\/www.painotekniikka.com\\\/taitonews\\\/lehti2022\\\/fc-inter-kantaa-nuorista-vastuuta\\\/#primaryimage\"},\"thumbnailUrl\":\"https:\\\/\\\/www.painotekniikka.com\\\/taitonews\\\/wp-content\\\/uploads\\\/2022\\\/10\\\/artikkeli40d.jpg\",\"keywords\":[\"hyvinvointi\",\"liikunta\",\"Yhteisty\u00f6\"],\"articleSection\":[\"Lehti2022\",\"Yhteisty\u00f6\"],\"inLanguage\":\"fi\",\"potentialAction\":[{\"@type\":\"CommentAction\",\"name\":\"Comment\",\"target\":[\"https:\\\/\\\/www.painotekniikka.com\\\/taitonews\\\/lehti2022\\\/fc-inter-kantaa-nuorista-vastuuta\\\/#respond\"]}]},{\"@type\":\"WebPage\",\"@id\":\"https:\\\/\\\/www.painotekniikka.com\\\/taitonews\\\/lehti2022\\\/fc-inter-kantaa-nuorista-vastuuta\\\/\",\"url\":\"https:\\\/\\\/www.painotekniikka.com\\\/taitonews\\\/lehti2022\\\/fc-inter-kantaa-nuorista-vastuuta\\\/\",\"name\":\"FC Inter kantaa nuorista vastuuta - TAITONEWS\",\"isPartOf\":{\"@id\":\"https:\\\/\\\/www.painotekniikka.com\\\/taitonews\\\/#website\"},\"primaryImageOfPage\":{\"@id\":\"https:\\\/\\\/www.painotekniikka.com\\\/taitonews\\\/lehti2022\\\/fc-inter-kantaa-nuorista-vastuuta\\\/#primaryimage\"},\"image\":{\"@id\":\"https:\\\/\\\/www.painotekniikka.com\\\/taitonews\\\/lehti2022\\\/fc-inter-kantaa-nuorista-vastuuta\\\/#primaryimage\"},\"thumbnailUrl\":\"https:\\\/\\\/www.painotekniikka.com\\\/taitonews\\\/wp-content\\\/uploads\\\/2022\\\/10\\\/artikkeli40d.jpg\",\"datePublished\":\"2022-10-18T04:02:11+00:00\",\"dateModified\":\"2022-11-29T07:07:20+00:00\",\"author\":{\"@id\":\"https:\\\/\\\/www.painotekniikka.com\\\/taitonews\\\/#\\\/schema\\\/person\\\/04e0b5db8e0142cb44e22b9952b3fc6a\"},\"breadcrumb\":{\"@id\":\"https:\\\/\\\/www.painotekniikka.com\\\/taitonews\\\/lehti2022\\\/fc-inter-kantaa-nuorista-vastuuta\\\/#breadcrumb\"},\"inLanguage\":\"fi\",\"potentialAction\":[{\"@type\":\"ReadAction\",\"target\":[\"https:\\\/\\\/www.painotekniikka.com\\\/taitonews\\\/lehti2022\\\/fc-inter-kantaa-nuorista-vastuuta\\\/\"]}]},{\"@type\":\"ImageObject\",\"inLanguage\":\"fi\",\"@id\":\"https:\\\/\\\/www.painotekniikka.com\\\/taitonews\\\/lehti2022\\\/fc-inter-kantaa-nuorista-vastuuta\\\/#primaryimage\",\"url\":\"https:\\\/\\\/www.painotekniikka.com\\\/taitonews\\\/wp-content\\\/uploads\\\/2022\\\/10\\\/artikkeli40d.jpg\",\"contentUrl\":\"https:\\\/\\\/www.painotekniikka.com\\\/taitonews\\\/wp-content\\\/uploads\\\/2022\\\/10\\\/artikkeli40d.jpg\",\"width\":1920,\"height\":1280},{\"@type\":\"BreadcrumbList\",\"@id\":\"https:\\\/\\\/www.painotekniikka.com\\\/taitonews\\\/lehti2022\\\/fc-inter-kantaa-nuorista-vastuuta\\\/#breadcrumb\",\"itemListElement\":[{\"@type\":\"ListItem\",\"position\":1,\"name\":\"Etusivu\",\"item\":\"https:\\\/\\\/www.painotekniikka.com\\\/taitonews\\\/\"},{\"@type\":\"ListItem\",\"position\":2,\"name\":\"FC Inter kantaa nuorista vastuuta\"}]},{\"@type\":\"WebSite\",\"@id\":\"https:\\\/\\\/www.painotekniikka.com\\\/taitonews\\\/#website\",\"url\":\"https:\\\/\\\/www.painotekniikka.com\\\/taitonews\\\/\",\"name\":\"TAITONEWS\",\"description\":\"Ammatillisen koulutuksen arkea TAIn koulutaloissa ja yhteisyrityksiss&auml;.\",\"potentialAction\":[{\"@type\":\"SearchAction\",\"target\":{\"@type\":\"EntryPoint\",\"urlTemplate\":\"https:\\\/\\\/www.painotekniikka.com\\\/taitonews\\\/?s={search_term_string}\"},\"query-input\":{\"@type\":\"PropertyValueSpecification\",\"valueRequired\":true,\"valueName\":\"search_term_string\"}}],\"inLanguage\":\"fi\"},{\"@type\":\"Person\",\"@id\":\"https:\\\/\\\/www.painotekniikka.com\\\/taitonews\\\/#\\\/schema\\\/person\\\/04e0b5db8e0142cb44e22b9952b3fc6a\",\"name\":\"admin\",\"image\":{\"@type\":\"ImageObject\",\"inLanguage\":\"fi\",\"@id\":\"https:\\\/\\\/secure.gravatar.com\\\/avatar\\\/c6825509030215d5431286691c67ff194b8193ec90dedf5797c0c9eebdd72cfd?s=96&d=mm&r=g\",\"url\":\"https:\\\/\\\/secure.gravatar.com\\\/avatar\\\/c6825509030215d5431286691c67ff194b8193ec90dedf5797c0c9eebdd72cfd?s=96&d=mm&r=g\",\"contentUrl\":\"https:\\\/\\\/secure.gravatar.com\\\/avatar\\\/c6825509030215d5431286691c67ff194b8193ec90dedf5797c0c9eebdd72cfd?s=96&d=mm&r=g\",\"caption\":\"admin\"},\"sameAs\":[\"http:\\\/\\\/www.painotekniikka.com\\\/taitonews\"],\"url\":\"https:\\\/\\\/www.painotekniikka.com\\\/taitonews\\\/author\\\/admin\\\/\"}]}<\/script>\n<!-- \/ Yoast SEO plugin. -->","yoast_head_json":{"title":"FC Inter kantaa nuorista vastuuta - TAITONEWS","robots":{"index":"index","follow":"follow","max-snippet":"max-snippet:-1","max-image-preview":"max-image-preview:large","max-video-preview":"max-video-preview:-1"},"canonical":"https:\/\/www.painotekniikka.com\/taitonews\/lehti2022\/fc-inter-kantaa-nuorista-vastuuta\/","og_locale":"fi_FI","og_type":"article","og_title":"FC Inter kantaa nuorista vastuuta - TAITONEWS","og_description":"TAI ja FC Inter tekev\u00e4t yritysyhteisty\u00f6t\u00e4. Se on kumppanuutta, josta molemmat hy\u00f6tyv\u00e4t. Yhteisty\u00f6 mahdollistaa urheilun ja opiskelun yhdist\u00e4misen niin junioreiden kuin my\u00f6s aikuisten edustusjoukkuepelaajien tasolla. \u2013\u2009Jos pystymme antamaan hyv\u00e4\u00e4 opiskelijamateriaalia Turun ammatti-instituuttiin, on tilanne molemmille win\u2013win. TAI tukee my\u00f6s markkinointiyhteisty\u00f6sopimuksella edustusjoukkuettamme, kertoo yhteisty\u00f6st\u00e4 FC Interin urheilutoimenjohtaja Jani Meril\u00e4inen. El\u00e4m\u00e4 on suurempi kokonaisuus kuin vain pallo [&hellip;]","og_url":"https:\/\/www.painotekniikka.com\/taitonews\/lehti2022\/fc-inter-kantaa-nuorista-vastuuta\/","og_site_name":"TAITONEWS","article_published_time":"2022-10-18T04:02:11+00:00","article_modified_time":"2022-11-29T07:07:20+00:00","og_image":[{"width":1920,"height":1280,"url":"https:\/\/www.painotekniikka.com\/taitonews\/wp-content\/uploads\/2022\/10\/artikkeli40d.jpg","type":"image\/jpeg"}],"author":"admin","twitter_card":"summary_large_image","twitter_misc":{"Kirjoittanut":"admin","Arvioitu lukuaika":"4 minuuttia"},"schema":{"@context":"https:\/\/schema.org","@graph":[{"@type":"Article","@id":"https:\/\/www.painotekniikka.com\/taitonews\/lehti2022\/fc-inter-kantaa-nuorista-vastuuta\/#article","isPartOf":{"@id":"https:\/\/www.painotekniikka.com\/taitonews\/lehti2022\/fc-inter-kantaa-nuorista-vastuuta\/"},"author":{"name":"admin","@id":"https:\/\/www.painotekniikka.com\/taitonews\/#\/schema\/person\/04e0b5db8e0142cb44e22b9952b3fc6a"},"headline":"FC Inter kantaa nuorista vastuuta","datePublished":"2022-10-18T04:02:11+00:00","dateModified":"2022-11-29T07:07:20+00:00","mainEntityOfPage":{"@id":"https:\/\/www.painotekniikka.com\/taitonews\/lehti2022\/fc-inter-kantaa-nuorista-vastuuta\/"},"wordCount":829,"commentCount":0,"image":{"@id":"https:\/\/www.painotekniikka.com\/taitonews\/lehti2022\/fc-inter-kantaa-nuorista-vastuuta\/#primaryimage"},"thumbnailUrl":"https:\/\/www.painotekniikka.com\/taitonews\/wp-content\/uploads\/2022\/10\/artikkeli40d.jpg","keywords":["hyvinvointi","liikunta","Yhteisty\u00f6"],"articleSection":["Lehti2022","Yhteisty\u00f6"],"inLanguage":"fi","potentialAction":[{"@type":"CommentAction","name":"Comment","target":["https:\/\/www.painotekniikka.com\/taitonews\/lehti2022\/fc-inter-kantaa-nuorista-vastuuta\/#respond"]}]},{"@type":"WebPage","@id":"https:\/\/www.painotekniikka.com\/taitonews\/lehti2022\/fc-inter-kantaa-nuorista-vastuuta\/","url":"https:\/\/www.painotekniikka.com\/taitonews\/lehti2022\/fc-inter-kantaa-nuorista-vastuuta\/","name":"FC Inter kantaa nuorista vastuuta - TAITONEWS","isPartOf":{"@id":"https:\/\/www.painotekniikka.com\/taitonews\/#website"},"primaryImageOfPage":{"@id":"https:\/\/www.painotekniikka.com\/taitonews\/lehti2022\/fc-inter-kantaa-nuorista-vastuuta\/#primaryimage"},"image":{"@id":"https:\/\/www.painotekniikka.com\/taitonews\/lehti2022\/fc-inter-kantaa-nuorista-vastuuta\/#primaryimage"},"thumbnailUrl":"https:\/\/www.painotekniikka.com\/taitonews\/wp-content\/uploads\/2022\/10\/artikkeli40d.jpg","datePublished":"2022-10-18T04:02:11+00:00","dateModified":"2022-11-29T07:07:20+00:00","author":{"@id":"https:\/\/www.painotekniikka.com\/taitonews\/#\/schema\/person\/04e0b5db8e0142cb44e22b9952b3fc6a"},"breadcrumb":{"@id":"https:\/\/www.painotekniikka.com\/taitonews\/lehti2022\/fc-inter-kantaa-nuorista-vastuuta\/#breadcrumb"},"inLanguage":"fi","potentialAction":[{"@type":"ReadAction","target":["https:\/\/www.painotekniikka.com\/taitonews\/lehti2022\/fc-inter-kantaa-nuorista-vastuuta\/"]}]},{"@type":"ImageObject","inLanguage":"fi","@id":"https:\/\/www.painotekniikka.com\/taitonews\/lehti2022\/fc-inter-kantaa-nuorista-vastuuta\/#primaryimage","url":"https:\/\/www.painotekniikka.com\/taitonews\/wp-content\/uploads\/2022\/10\/artikkeli40d.jpg","contentUrl":"https:\/\/www.painotekniikka.com\/taitonews\/wp-content\/uploads\/2022\/10\/artikkeli40d.jpg","width":1920,"height":1280},{"@type":"BreadcrumbList","@id":"https:\/\/www.painotekniikka.com\/taitonews\/lehti2022\/fc-inter-kantaa-nuorista-vastuuta\/#breadcrumb","itemListElement":[{"@type":"ListItem","position":1,"name":"Etusivu","item":"https:\/\/www.painotekniikka.com\/taitonews\/"},{"@type":"ListItem","position":2,"name":"FC Inter kantaa nuorista vastuuta"}]},{"@type":"WebSite","@id":"https:\/\/www.painotekniikka.com\/taitonews\/#website","url":"https:\/\/www.painotekniikka.com\/taitonews\/","name":"TAITONEWS","description":"Ammatillisen koulutuksen arkea TAIn koulutaloissa ja yhteisyrityksiss&auml;.","potentialAction":[{"@type":"SearchAction","target":{"@type":"EntryPoint","urlTemplate":"https:\/\/www.painotekniikka.com\/taitonews\/?s={search_term_string}"},"query-input":{"@type":"PropertyValueSpecification","valueRequired":true,"valueName":"search_term_string"}}],"inLanguage":"fi"},{"@type":"Person","@id":"https:\/\/www.painotekniikka.com\/taitonews\/#\/schema\/person\/04e0b5db8e0142cb44e22b9952b3fc6a","name":"admin","image":{"@type":"ImageObject","inLanguage":"fi","@id":"https:\/\/secure.gravatar.com\/avatar\/c6825509030215d5431286691c67ff194b8193ec90dedf5797c0c9eebdd72cfd?s=96&d=mm&r=g","url":"https:\/\/secure.gravatar.com\/avatar\/c6825509030215d5431286691c67ff194b8193ec90dedf5797c0c9eebdd72cfd?s=96&d=mm&r=g","contentUrl":"https:\/\/secure.gravatar.com\/avatar\/c6825509030215d5431286691c67ff194b8193ec90dedf5797c0c9eebdd72cfd?s=96&d=mm&r=g","caption":"admin"},"sameAs":["http:\/\/www.painotekniikka.com\/taitonews"],"url":"https:\/\/www.painotekniikka.com\/taitonews\/author\/admin\/"}]}},"_links":{"self":[{"href":"https:\/\/www.painotekniikka.com\/taitonews\/wp-json\/wp\/v2\/posts\/1429","targetHints":{"allow":["GET"]}}],"collection":[{"href":"https:\/\/www.painotekniikka.com\/taitonews\/wp-json\/wp\/v2\/posts"}],"about":[{"href":"https:\/\/www.painotekniikka.com\/taitonews\/wp-json\/wp\/v2\/types\/post"}],"author":[{"embeddable":true,"href":"https:\/\/www.painotekniikka.com\/taitonews\/wp-json\/wp\/v2\/users\/1"}],"replies":[{"embeddable":true,"href":"https:\/\/www.painotekniikka.com\/taitonews\/wp-json\/wp\/v2\/comments?post=1429"}],"version-history":[{"count":13,"href":"https:\/\/www.painotekniikka.com\/taitonews\/wp-json\/wp\/v2\/posts\/1429\/revisions"}],"predecessor-version":[{"id":1919,"href":"https:\/\/www.painotekniikka.com\/taitonews\/wp-json\/wp\/v2\/posts\/1429\/revisions\/1919"}],"wp:featuredmedia":[{"embeddable":true,"href":"https:\/\/www.painotekniikka.com\/taitonews\/wp-json\/wp\/v2\/media\/1433"}],"wp:attachment":[{"href":"https:\/\/www.painotekniikka.com\/taitonews\/wp-json\/wp\/v2\/media?parent=1429"}],"wp:term":[{"taxonomy":"category","embeddable":true,"href":"https:\/\/www.painotekniikka.com\/taitonews\/wp-json\/wp\/v2\/categories?post=1429"},{"taxonomy":"post_tag","embeddable":true,"href":"https:\/\/www.painotekniikka.com\/taitonews\/wp-json\/wp\/v2\/tags?post=1429"}],"curies":[{"name":"wp","href":"https:\/\/api.w.org\/{rel}","templated":true}]}}